{"id":131626,"date":"2025-10-29T19:00:28","date_gmt":"2025-10-29T19:00:28","guid":{"rendered":"https:\/\/www.europesays.com\/pt\/131626\/"},"modified":"2025-10-29T19:00:28","modified_gmt":"2025-10-29T19:00:28","slug":"o-que-se-passou-com-a-mais-recente-devolucao-de-um-refem-observador","status":"publish","type":"post","link":"https:\/\/www.europesays.com\/pt\/131626\/","title":{"rendered":"O que se passou com a mais recente devolu\u00e7\u00e3o de um ref\u00e9m? \u2013 Observador"},"content":{"rendered":"<p>As tens\u00f5es entre Israel e o Hamas voltaram a subir ap\u00f3s a descoberta de que os restos mortais entregues esta segunda-feira pelo grupo militante islamita pertencem na verdade a um ref\u00e9m cujo corpo j\u00e1 tinha sido parcialmente recuperado pelo ex\u00e9rcito israelita em dezembro de 2023. Netanyahu e o seu governo reuniram-se esta tarde para avaliar potenciais respostas ao que entendem ser uma viola\u00e7\u00e3o do acordo de cessar-fogo, ao passo que o Hamas tentou amenizar a situa\u00e7\u00e3o a prometer a entrega de outro ref\u00e9m at\u00e9 ao fim do dia.<\/p>\n<p>O final de segunda-feira foi marcado pela <a href=\"https:\/\/observador.pt\/liveblogs\/procura-por-corpos-de-refens-em-gaza-continua-cruz-vermelha-tem-maquinaria-pesada-em-khan-younis\/#liveblog-entry-735220\" rel=\"nofollow noopener\" target=\"_blank\">entrega<\/a> de um caix\u00e3o por parte do Hamas \u00e0 Cruz Vermelha com destino a Israel, com o grupo isl\u00e2mico a afirmar conter um dos 13 ref\u00e9ns cujos restos mortais ainda se encontram na Faixa de Gaza. O ato serviu para refrear uma situa\u00e7\u00e3o j\u00e1 tensa em si mesma, pois j\u00e1 se passaram duas semanas desde o prazo estabelecido no acordo de cessar-fogo para o retorno de todos os 48 ref\u00e9ns \u2014 vivos ou mortos \u2014 detidos pelo Hamas.<\/p>\n<p>No entanto, esta manh\u00e3 come\u00e7ou a ser <a href=\"https:\/\/observador.pt\/liveblogs\/israel-confirma-ter-matado-tres-militantes-palestinianos-em-raid-na-cisjordania\/#liveblog-entry-735285\" rel=\"nofollow noopener\" target=\"_blank\">noticiado<\/a> que o Instituto Nacional Forense do Minist\u00e9rio da Sa\u00fade de Israel estava com dificuldades em determinar a identidade dos restos mortais entregues pelo Hamas, nutrindo a suspeita de que podiam at\u00e9 pertencer a um ref\u00e9m cujo corpo j\u00e1 tinha sido entregue a Israel para ser enterrado.<\/p>\n<p>A confirmar-se, o caso tinha precedentes: a 14 de outubro, o Hamas tamb\u00e9m entregou tr\u00eas corpos de ref\u00e9ns mortos, mas as an\u00e1lises forenses comprovaram que um deles n\u00e3o correspondia a nenhum dos ref\u00e9ns esperados.<\/p>\n<p>Essas d\u00favidas, entretanto, transformaram-se em certezas pela hora de almo\u00e7o, quando foi o pr\u00f3prio gabinete do primeiro-ministro, Benjamin\u00a0Netanyahu, a <a href=\"https:\/\/observador.pt\/liveblogs\/israel-confirma-ter-matado-tres-militantes-palestinianos-em-raid-na-cisjordania\/#liveblog-entry-735311\" rel=\"nofollow noopener\" target=\"_blank\">revelar<\/a> que os restos mortais pertenciam n\u00e3o a qualquer um dos 13 ref\u00e9ns por recuperar, mas a Ofir Tzarfati, um israelita cujo corpo foi resgatado pelas For\u00e7as de Defesa de Israel na Faixa de Gaza em dezembro de 2023.<\/p>\n<p>Pior ainda, horas depois, as For\u00e7as de Defesa de Israel revelaram um v\u00eddeo gravado por um drone militar a sobrevoar a Cidade de Gaza, afirmando que este captou membros do Hamas a encenar a recupera\u00e7\u00e3o do corpo de um ref\u00e9m para devolv\u00ea-lo a Israel. O corpo que surge no v\u00eddeo tem sido identificado como sendo o de Ofir Tzarfati, apesar desta informa\u00e7\u00e3o ter apenas sido veiculada pelo Times of Israel, sem confirma\u00e7\u00e3o oficial por parte das autoridades israelitas.<\/p>\n<p>Nas imagens, \u00e9 de facto poss\u00edvel ver figuras a levarem um saco com um corpo de um edif\u00edcio para um buraco escavado no solo e a cobrirem-no com terra, verificando-se depois o uso de uma escavadora para remexer esses destro\u00e7os e transportar uma grande massa de detritos onde se encontrava esse saco e despej\u00e1-lo ao lado. \u00c9 ent\u00e3o nesse momento que as figuras voltaram a desenterrar o corpo, sendo que um jornalista do Times of Israel, afirma os homens come\u00e7am ent\u00e3o a chamar representantes da Cruz Vermelha para identificarem a descoberta de mais um corpo.<\/p>\n<p>Depois de come\u00e7ar a circular uma vers\u00e3o editada com a dura\u00e7\u00e3o de 1:17 minutos, as IDF <a href=\"https:\/\/videoidf.azureedge.net\/8dbcd84f-1b2f-413f-a321-41029c33a59d\" rel=\"nofollow noopener\" target=\"_blank\">partilharam<\/a> o v\u00eddeo completo e sem cortes, com 15 minutos de dura\u00e7\u00e3o. \u201cAo contr\u00e1rio das alega\u00e7\u00f5es do Hamas de dificuldades em localizar os corpos dos ref\u00e9ns mortos, ontem foi documentado que membros do Hamas retiraram restos mortais de uma estrutura que tinha sido preparada com anteced\u00eancia e os enterraram nas proximidades\u201d, acusa o ex\u00e9rcito israelita, afirmando que \u201cpouco depois, a organiza\u00e7\u00e3o terrorista Hamas convocou representantes da Cruz Vermelha e encenou uma falsa exibi\u00e7\u00e3o da descoberta do corpo de um ref\u00e9m morto\u201d.<\/p>\n<p>No entender das IDF, este v\u00eddeo mostra \u201cclaramente que a organiza\u00e7\u00e3o terrorista Hamas est\u00e1 a tentar criar uma falsa impress\u00e3o de esfor\u00e7os para localizar os corpos, enquanto na verdade mant\u00e9m ref\u00e9ns mortos cujos restos mortais se recusa a libertar, conforme exigido pelo acordo\u201d. O ex\u00e9rcito israelita acusa ainda o grupo de produzir \u201calega\u00e7\u00f5es falsas de escassez de equipamento de engenharia\u201d.<\/p>\n<p>A par destas revela\u00e7\u00f5es, a comunica\u00e7\u00e3o de Netanyahu fez saber que o primeiro-ministro ia realizar \u201cuma reuni\u00e3o de seguran\u00e7a com os chefes das for\u00e7as de seguran\u00e7a para discutir as medidas que Israel tomar\u00e1 em resposta \u00e0s viola\u00e7\u00f5es\u201d. Uma fonte do gabinete do primeiro-ministro, inclusive, disse que o pa\u00eds est\u00e1 farto das \u201cmentiras\u201d do Hamas. \u201cA quest\u00e3o \u00e9 que eles t\u00eam vindo a violar o acordo h\u00e1 duas semanas\u201d, disse a mesma fonte, explicando que a toler\u00e2ncia de Israel poder\u00e1 estar a esgotar-se. \u201cEsper\u00e1mos pacientemente, porque entend\u00edamos que leva tempo para localizar, cavar, extrair e devolver [os corpos]\u201d, disse.<\/p>\n<p>Alguns membros do governo de Netanyahu manifestaram ainda ainda antes da reuni\u00e3o\u00a0a sua vontade a p\u00f4r fim ao cessar-fogo e garantir que o Hamas \u00e9 destru\u00eddo. \u201cO facto do Hamas continuar a fazer jogos e n\u00e3o transferir imediatamente todos os corpos dos nossos mortos \u00e9, por si s\u00f3, prova de que a organiza\u00e7\u00e3o terrorista ainda est\u00e1 de p\u00e9\u201d, declarou o ministro da Seguran\u00e7a Nacional, Itamar Ben Gvir, acrescentando que Israel n\u00e3o precisa de \u201ccobrar ao Hamas um pre\u00e7o pelas suas viola\u00e7\u00f5es\u201d e sim \u201ccobrar a sua pr\u00f3pria exist\u00eancia e destru\u00ed-lo completamente, de uma vez por todas\u201d. O ministro das Finan\u00e7as, Bezalel Smotrich, agiu em sentido id\u00eantico, pedindo \u201crespostas en\u00e9rgicas\u201d \u00e0s \u201crepetidas viola\u00e7\u00f5es do Hamas aos termos do cessar-fogo e \u00e0 primeira fase do plano do presidente Trump\u201d.<\/p>\n<p>Em sentido contr\u00e1rio, o l\u00edder da oposi\u00e7\u00e3o, Yair Lapid, considerou que o caso \u201cn\u00e3o justifica o retomar dos combates em grande escala\u201d, dizendo compreender que a devolu\u00e7\u00e3o dos corpos dos ref\u00e9ns assassinados \u00e9 um processo complexo e que \u201cencontrar ou extrair alguns\u201d vai demorar.<\/p>\n<p>Perante toda esta situa\u00e7\u00e3o, o Hamas prometeu devolver \u201co corpo de um ref\u00e9m que foi recuperado h\u00e1 pouco tempo de um dos t\u00faneis na Faixa de Gaza\u201d. A identidade do ref\u00e9m a quem estes restos mortais pertencem n\u00e3o foi revelada, sendo que a devolu\u00e7\u00e3o dever\u00e1 ocorrer \u00e0s 20h00 (hora local em Israel, 18h00 em Lisboa).<\/p>\n<p>Da parte dos militantes islamitas, a mensagem que t\u00eam passado \u00e9 a de que est\u00e3o a tentar cumprir o cessar-fogo e a fazer o poss\u00edvel para localizar os restos mortais dos ref\u00e9ns, mas que a tarefa tem sido dificultada pela falta de equipamento para desenterrar os corpos face ao grau de destrui\u00e7\u00e3o da Faixa de Gaza.<\/p>\n<p>\u201cO Hamas continuar\u00e1 a envidar todos os esfor\u00e7os poss\u00edveis para entregar os corpos restantes at\u00e9 que esta quest\u00e3o seja totalmente resolvida e o mais rapidamente poss\u00edvel\u201d, afirmou o porta-voz do grupo, Hazem Qassem \u00e0\u00a0Reuters.<\/p>\n","protected":false},"excerpt":{"rendered":"As tens\u00f5es entre Israel e o Hamas voltaram a subir ap\u00f3s a descoberta de que os restos mortais&hellip;\n","protected":false},"author":2,"featured_media":131627,"comment_status":"","ping_status":"","sticky":false,"template":"","format":"standard","meta":{"footnotes":""},"categories":[50],"tags":[27,28,311,15,16,14,25,26,21,22,62,12,13,19,20,23,24,17,18,29,30,31,63,64,65],"class_list":{"0":"post-131626","1":"post","2":"type-post","3":"status-publish","4":"format-standard","5":"has-post-thumbnail","7":"category-mundo","8":"tag-breaking-news","9":"tag-breakingnews","10":"tag-conflito-israelo-palestiniano","11":"tag-featured-news","12":"tag-featurednews","13":"tag-headlines","14":"tag-latest-news","15":"tag-latestnews","16":"tag-main-news","17":"tag-mainnews","18":"tag-mundo","19":"tag-news","20":"tag-noticias","21":"tag-noticias-principais","22":"tag-noticiasprincipais","23":"tag-principais-noticias","24":"tag-principaisnoticias","25":"tag-top-stories","26":"tag-topstories","27":"tag-ultimas","28":"tag-ultimas-noticias","29":"tag-ultimasnoticias","30":"tag-world","31":"tag-world-news","32":"tag-worldnews"},"share_on_mastodon":{"url":"https:\/\/pubeurope.com\/@pt\/115458999900957946","error":""},"_links":{"self":[{"href":"https:\/\/www.europesays.com\/pt\/wp-json\/wp\/v2\/posts\/131626","targetHints":{"allow":["GET"]}}],"collection":[{"href":"https:\/\/www.europesays.com\/pt\/wp-json\/wp\/v2\/posts"}],"about":[{"href":"https:\/\/www.europesays.com\/pt\/wp-json\/wp\/v2\/types\/post"}],"author":[{"embeddable":true,"href":"https:\/\/www.europesays.com\/pt\/wp-json\/wp\/v2\/users\/2"}],"replies":[{"embeddable":true,"href":"https:\/\/www.europesays.com\/pt\/wp-json\/wp\/v2\/comments?post=131626"}],"version-history":[{"count":0,"href":"https:\/\/www.europesays.com\/pt\/wp-json\/wp\/v2\/posts\/131626\/revisions"}],"wp:featuredmedia":[{"embeddable":true,"href":"https:\/\/www.europesays.com\/pt\/wp-json\/wp\/v2\/media\/131627"}],"wp:attachment":[{"href":"https:\/\/www.europesays.com\/pt\/wp-json\/wp\/v2\/media?parent=131626"}],"wp:term":[{"taxonomy":"category","embeddable":true,"href":"https:\/\/www.europesays.com\/pt\/wp-json\/wp\/v2\/categories?post=131626"},{"taxonomy":"post_tag","embeddable":true,"href":"https:\/\/www.europesays.com\/pt\/wp-json\/wp\/v2\/tags?post=131626"}],"curies":[{"name":"wp","href":"https:\/\/api.w.org\/{rel}","templated":true}]}}