{"id":131634,"date":"2025-10-29T19:04:07","date_gmt":"2025-10-29T19:04:07","guid":{"rendered":"https:\/\/www.europesays.com\/pt\/131634\/"},"modified":"2025-10-29T19:04:07","modified_gmt":"2025-10-29T19:04:07","slug":"aqui-todos-podem-aprender-nit","status":"publish","type":"post","link":"https:\/\/www.europesays.com\/pt\/131634\/","title":{"rendered":"\u201cAqui todos podem aprender\u201d \u2014 NiT"},"content":{"rendered":"<p data-start=\"468\" data-end=\"925\">H\u00e1 90 anos, em 1934, nascia no Jap\u00e3o a Fujifilm. A empresa come\u00e7ou com uma miss\u00e3o clara: produzir filmes fotogr\u00e1ficos e cinematogr\u00e1ficos, numa altura em que a imagem come\u00e7ava a ganhar um lugar central na mem\u00f3ria coletiva. Desde ent\u00e3o, o mundo mudou, a tecnologia avan\u00e7ou e a marca acompanhou essa evolu\u00e7\u00e3o. Expandiu-se para \u00e1reas t\u00e3o diversas como a medicina, a farmac\u00eautica ou a impress\u00e3o gr\u00e1fica, mas nunca deixou de ter a fotografia como o seu cora\u00e7\u00e3o.<\/p>\n<p data-start=\"927\" data-end=\"1315\">E \u00e9 precisamente essa fidelidade \u00e0 ess\u00eancia \u2014 a paix\u00e3o por captar, imprimir e preservar mem\u00f3rias \u2014 que continua a guiar a Fujifilm. Hoje, falar de DNA da marca \u00e9 falar de proximidade, experi\u00eancia e emo\u00e7\u00e3o. \u00c9 essa vontade de estar lado a lado com os clientes, de lhes oferecer n\u00e3o apenas produtos mas tamb\u00e9m momentos, que est\u00e1 por tr\u00e1s da abertura da nova House of Photography Porto.<\/p>\n<p data-start=\"1317\" data-end=\"1671\">\u201cHoje trata-se claramente daquilo que \u00e9 o DNA da Fujifilm\u201d, explicou Pedro Mesquita, diretor da Fujifilm para Portugal e Espanha, na apresenta\u00e7\u00e3o oficial do projeto. \u201c\u00c9 um passo muito importante para n\u00f3s, essencialmente porque vamos abrir uma loja que \u00e9 tamb\u00e9m uma afirma\u00e7\u00e3o de proximidade com os nossos clientes e da nossa paix\u00e3o pela fotografia.\u201d<\/p>\n<p data-start=\"1719\" data-end=\"1993\">A primeira House of Photography abriu em 2018, em Xangai. Seguiram-se Londres, em 2019, Sydney, em 2022, Hong Kong (em agosto deste ano) e Barcelona, tamb\u00e9m em novembro. <strong>Agora, \u00e9 a vez do Porto receber a sua pr\u00f3pria casa dedicada \u00e0 fotografia \u2014 a primeira em Portugal.<\/strong><\/p>\n<p data-start=\"1995\" data-end=\"2399\">A escolha da cidade n\u00e3o foi por acaso. \u201cO Porto tem uma comunidade estudantil forte e criativa, com mais de 30 entidades ligadas \u00e0 arte e ao design\u201d, sublinhou Shin Udono, vice-presidente senior da European Imaging da Fujifilm Europe. \u201c\u00c9 tamb\u00e9m um mercado cultural vibrante, que atrai mais de tr\u00eas milh\u00f5es de turistas por ano. \u00c9 uma cidade fotog\u00e9nica e sentimos que fazia todo o sentido abrir aqui.\u201d<\/p>\n<p data-start=\"2401\" data-end=\"2744\">Com um investimento superior a meio milh\u00e3o de euros e uma \u00e1rea de cerca de 230 metros quadrados, a loja da Rua de S\u00e1 da Bandeira \u2014 no edif\u00edcio Bonjardim, mesmo ao lado do Mercado do Bolh\u00e3o \u2014 vai ter dois pisos: no superior, a exposi\u00e7\u00e3o e experimenta\u00e7\u00e3o de produtos; no inferior, um espa\u00e7o para eventos, exposi\u00e7\u00f5es, conversas e masterclasses.<\/p>\n<p data-start=\"2773\" data-end=\"3194\">Se entrar numa loja de fotografia tradicional pode ser intimidante \u2014 dezenas de modelos, acess\u00f3rios t\u00e9cnicos, d\u00favidas sobre o que escolher \u2014, a proposta da House of Photography \u00e9 completamente diferente. Aqui, os funcion\u00e1rios n\u00e3o est\u00e3o para vender: est\u00e3o para aconselhar. S\u00e3o profissionais do setor, preparados para ouvir, orientar e dar as melhores respostas a quem se inicia ou a quem j\u00e1 \u00e9 apaixonado pela fotografia.<\/p>\n<p data-start=\"3196\" data-end=\"3575\"><strong>\u201cO objetivo com este espa\u00e7o \u00e9 inspirar f\u00e3s e entusiastas pela fotografia, mas tamb\u00e9m curiosos, a expressarem-se e a verem o mundo desde a sua perspetiva\u201d<\/strong>, explicou Jo\u00e3o Coelho, EI &amp; OPD Manager da Fujifilm Portugal. \u201cQueremos tornar menos intimidante o processo de entrar numa loja cheia de op\u00e7\u00f5es, sobretudo para iniciantes. Aqui podem experimentar, perguntar e aprender.\u201d<\/p>\n<p data-start=\"3577\" data-end=\"3930\">No piso superior, os visitantes v\u00e3o encontrar c\u00e2maras Instax, X-Series e GFX, impressoras e servi\u00e7os de impress\u00e3o \u2014 tudo dispon\u00edvel para experimentar. No piso inferior, ficar\u00e1 a galeria de exposi\u00e7\u00f5es (com mostras a cada dois meses) e a programa\u00e7\u00e3o cultural. A primeira exposi\u00e7\u00e3o ser\u00e1 do fot\u00f3grafo Leonel Castro, focada no Porto e no Norte do pa\u00eds.<\/p>\n<p data-start=\"3932\" data-end=\"4135\">Al\u00e9m disso, haver\u00e1 tamb\u00e9m um espa\u00e7o de customer service, dedicado \u00e0 assist\u00eancia e repara\u00e7\u00e3o de equipamentos, um recurso essencial para quem vive da fotografia ou dela faz o seu hobby favorito.<\/p>\n<p data-start=\"4178\" data-end=\"4576\">A inaugura\u00e7\u00e3o vai ser um verdadeiro evento para a cidade. No dia 7 de novembro, a fila abre \u00e0s 8 horas da manh\u00e3. As primeiras 100 pessoas a chegar recebem um goodie bag exclusivo com tote bag, caneca, caneta e outros artigos. Metade desses sacos ter\u00e1 ainda pr\u00e9mios surpresa, que v\u00e3o desde c\u00e2maras da s\u00e9rie X at\u00e9 Instax, impressoras e modelos anal\u00f3gicos.<\/p>\n<p data-start=\"4578\" data-end=\"4801\">\u00c0s 10 horas acontece a cerim\u00f3nia oficial de abertura. Ao longo do dia, os visitantes ter\u00e3o oportunidade de experimentar c\u00e2maras X e GFX, Instax e servi\u00e7os de impress\u00e3o, levando para casa 25 impress\u00f5es 10\u00d715 gratuitas.<\/p>\n<p data-start=\"4803\" data-end=\"5145\">No dia seguinte, 8 de novembro, ser\u00e1 realizado um city photo walk pelas ruas do Porto, em que qualquer pessoa poder\u00e1 testar c\u00e2maras digitais e anal\u00f3gicas da Fujifilm. E at\u00e9 ao dia 15 de novembro, todas as compras iguais ou superiores a 100\u20ac d\u00e3o direito a um presente exclusivo da House of Photography.<\/p>\n<p data-start=\"5181\" data-end=\"5622\">A ambi\u00e7\u00e3o vai al\u00e9m das vendas: a Fujifilm quer que a sua House of Photography seja um espa\u00e7o de encontro. \u201cCri\u00e1mos o tagline \u201cLife As You See It\u201d, porque as imagens significam coisas diferentes para pessoas diferentes; n\u00e3o h\u00e1 certo nem errado\u201d, recorda Theo Georghiades, general manager da Fujifilm UK e consultor para a Europa. \u201cQueremos que todos se sintam inclu\u00eddos \u2014 desde profissionais at\u00e9 curiosos que nunca tocaram numa c\u00e2mara.\u201d<\/p>\n<p data-start=\"5624\" data-end=\"5851\">\u00c9 nesse esp\u00edrito que o espa\u00e7o se quer tornar uma refer\u00eancia para escolas, universidades e institui\u00e7\u00f5es culturais da cidade. A liga\u00e7\u00e3o \u00e0 comunidade criativa portuense vai ser refor\u00e7ada atrav\u00e9s de parcerias e eventos regulares.<\/p>\n<p data-start=\"5853\" data-end=\"6086\">\u201cN\u00e3o \u00e9 apenas uma loja\u201d, resume Pedro Mesquita. <strong>\u201c\u00c9 um espa\u00e7o que queremos que seja vivido, onde se possa aprender, experimentar e inspirar. O retorno que procuramos n\u00e3o \u00e9 apenas econ\u00f3mico \u2014 \u00e9 criar cultura fotogr\u00e1fica em Portugal.\u201d<\/strong><\/p>\n<p data-start=\"6088\" data-end=\"6381\">Com uma equipa de seis pessoas, funcionamento de segunda a s\u00e1bado e uma programa\u00e7\u00e3o que mistura experi\u00eancias gratuitas e outras com valor simb\u00f3lico (para garantir o compromisso de quem se inscreve), a House of Photography Porto promete tornar-se rapidamente um ponto de encontro obrigat\u00f3rio.<\/p>\n<p data-start=\"6383\" data-end=\"6584\">Mais do que um investimento financeiro \u2014 \u201cpelo menos 500 mil euros\u201d, como revelou Pedro Mesquita \u2014, trata-se de um investimento emocional: na cidade, na comunidade criativa e no futuro da fotografia. E, a partir de 7 de novembro, estar\u00e1 acess\u00edvel a todos.<\/p>\n<p data-start=\"6586\" data-end=\"6657\">Carregue na galeria para ver como vai ser a primeira House of Photography da Fujifilm no Pa\u00eds.\u00a0<\/p>\n<p>\tFICHA T\u00c9CNICA<\/p>\n<ul>\n<li><strong>MORADA<\/strong><br \/>R. de S\u00e1 da Bandeira, 289<br \/>4000-249\u00a0Porto<\/li>\n<\/ul>\n<ul>\n<li><strong>HOR\u00c1RIO<\/strong><\/li>\n<li>Segunda-feira a s\u00e1bado das 10h \u00e0s 19h<\/li>\n<\/ul>\n","protected":false},"excerpt":{"rendered":"H\u00e1 90 anos, em 1934, nascia no Jap\u00e3o a Fujifilm. A empresa come\u00e7ou com uma miss\u00e3o clara: produzir&hellip;\n","protected":false},"author":2,"featured_media":131635,"comment_status":"","ping_status":"","sticky":false,"template":"","format":"standard","meta":{"footnotes":""},"categories":[144],"tags":[207,205,206,203,201,202,204,114,115,32,33],"class_list":{"0":"post-131634","1":"post","2":"type-post","3":"status-publish","4":"format-standard","5":"has-post-thumbnail","7":"category-arte-e-design","8":"tag-arte","9":"tag-arte-e-design","10":"tag-artedesign","11":"tag-arts","12":"tag-arts-and-design","13":"tag-artsanddesign","14":"tag-design","15":"tag-entertainment","16":"tag-entretenimento","17":"tag-portugal","18":"tag-pt"},"share_on_mastodon":{"url":"https:\/\/pubeurope.com\/@pt\/115459015537439426","error":""},"_links":{"self":[{"href":"https:\/\/www.europesays.com\/pt\/wp-json\/wp\/v2\/posts\/131634","targetHints":{"allow":["GET"]}}],"collection":[{"href":"https:\/\/www.europesays.com\/pt\/wp-json\/wp\/v2\/posts"}],"about":[{"href":"https:\/\/www.europesays.com\/pt\/wp-json\/wp\/v2\/types\/post"}],"author":[{"embeddable":true,"href":"https:\/\/www.europesays.com\/pt\/wp-json\/wp\/v2\/users\/2"}],"replies":[{"embeddable":true,"href":"https:\/\/www.europesays.com\/pt\/wp-json\/wp\/v2\/comments?post=131634"}],"version-history":[{"count":0,"href":"https:\/\/www.europesays.com\/pt\/wp-json\/wp\/v2\/posts\/131634\/revisions"}],"wp:featuredmedia":[{"embeddable":true,"href":"https:\/\/www.europesays.com\/pt\/wp-json\/wp\/v2\/media\/131635"}],"wp:attachment":[{"href":"https:\/\/www.europesays.com\/pt\/wp-json\/wp\/v2\/media?parent=131634"}],"wp:term":[{"taxonomy":"category","embeddable":true,"href":"https:\/\/www.europesays.com\/pt\/wp-json\/wp\/v2\/categories?post=131634"},{"taxonomy":"post_tag","embeddable":true,"href":"https:\/\/www.europesays.com\/pt\/wp-json\/wp\/v2\/tags?post=131634"}],"curies":[{"name":"wp","href":"https:\/\/api.w.org\/{rel}","templated":true}]}}