{"id":131636,"date":"2025-10-29T19:06:08","date_gmt":"2025-10-29T19:06:08","guid":{"rendered":"https:\/\/www.europesays.com\/pt\/131636\/"},"modified":"2025-10-29T19:06:08","modified_gmt":"2025-10-29T19:06:08","slug":"jessica-vieira-mostra-nova-silhueta-e-revela-o-segredo-da-transformacao-fisica-secret-story","status":"publish","type":"post","link":"https:\/\/www.europesays.com\/pt\/131636\/","title":{"rendered":"J\u00e9ssica Vieira mostra nova silhueta e revela o segredo da transforma\u00e7\u00e3o f\u00edsica &#8211; Secret Story"},"content":{"rendered":"<p data-end=\"689\" data-start=\"389\">J\u00e9ssica Vieira decidiu mudar a sua vida para um modo mais saud\u00e1vel mas sem abrir m\u00e3o do prazer e da identidade que a definem. Foi com essa convic\u00e7\u00e3o que encontrou na &#8216;Team Macau&#8217;, liderada por Francisco Macau, ex-concorrente do Big Brother, o apoio certo para iniciar um processo de transforma\u00e7\u00e3o equilibrado e sustent\u00e1vel.<\/p>\n<p data-end=\"857\" data-start=\"693\">\u00ab(&#8230;) n\u00e3o preciso de abdicar daquilo que me faz sentir eu\u00bb, partilha Jessica.<\/p>\n<p data-end=\"1086\" data-start=\"859\">Mais do que uma mudan\u00e7a f\u00edsica, Jessica descobriu um novo modo de se relacionar com o corpo e com a alimenta\u00e7\u00e3o. O acompanhamento constante mostrou-lhe que o verdadeiro progresso vem do equil\u00edbrio entre disciplina e prazer.<\/p>\n<p data-end=\"1265\" data-start=\"1090\"><strong>\u00abPercebi que um processo de transforma\u00e7\u00e3o n\u00e3o passa s\u00f3 por treinar. Passa tamb\u00e9m por encontrar equil\u00edbrio, prazer e bem-estar naquilo que comemos.\u00bb<\/strong><\/p>\n<p data-end=\"1513\" data-start=\"1267\">A transforma\u00e7\u00e3o de Jessica n\u00e3o implicou restri\u00e7\u00f5es extremas nem dietas r\u00edgidas. Pelo contr\u00e1rio: aprendeu que \u00e9 poss\u00edvel evoluir enquanto desfruta dos seus pratos preferidos. <strong>\u00abAprendi que \u00e9 poss\u00edvel comer o meu prato favorito, um delicioso Bacalhau \u00e0 Br\u00e1s e, ainda assim, estar a caminho da minha melhor vers\u00e3o.\u00bb<\/strong><\/p>\n<p data-end=\"1930\" data-start=\"1684\">\u00a0<\/p>\n<blockquote class=\"instagram-media\" data-instgrm-captioned=\"\" data-instgrm-permalink=\"https:\/\/www.instagram.com\/reel\/DPuFwdrDc7C\/?utm_source=ig_embed&amp;utm_campaign=loading\" data-instgrm-version=\"14\" style=\" background:#FFF; border:0; border-radius:3px; box-shadow:0 0 1px 0 rgba(0,0,0,0.5),0 1px 10px 0 rgba(0,0,0,0.15); margin: 1px; max-width:540px; min-width:326px; padding:0; width:99.375%; width:-webkit-calc(100% - 2px); width:calc(100% - 2px);\">\n<\/blockquote>\n<p>Veja o antes e depois da concorrente na galeria de imagens que preparamos para si!\u00a0<\/p>\n<p>                        <script async src=\"\/\/www.instagram.com\/embed.js\"><\/script><\/p>\n","protected":false},"excerpt":{"rendered":"J\u00e9ssica Vieira decidiu mudar a sua vida para um modo mais saud\u00e1vel mas sem abrir m\u00e3o do prazer&hellip;\n","protected":false},"author":2,"featured_media":131637,"comment_status":"","ping_status":"","sticky":false,"template":"","format":"standard","meta":{"footnotes":""},"categories":[142],"tags":[18706,114,115,18705,1417,32,33,151,18704],"class_list":{"0":"post-131636","1":"post","2":"type-post","3":"status-publish","4":"format-standard","5":"has-post-thumbnail","7":"category-tv","8":"tag-bastidores-secret-story","9":"tag-entertainment","10":"tag-entretenimento","11":"tag-entrevistas-concorrentes-tvi","12":"tag-jessica-vieira","13":"tag-portugal","14":"tag-pt","15":"tag-tv","16":"tag-vida-fora-da-casa"},"share_on_mastodon":{"url":"https:\/\/pubeurope.com\/@pt\/115459023490084516","error":""},"_links":{"self":[{"href":"https:\/\/www.europesays.com\/pt\/wp-json\/wp\/v2\/posts\/131636","targetHints":{"allow":["GET"]}}],"collection":[{"href":"https:\/\/www.europesays.com\/pt\/wp-json\/wp\/v2\/posts"}],"about":[{"href":"https:\/\/www.europesays.com\/pt\/wp-json\/wp\/v2\/types\/post"}],"author":[{"embeddable":true,"href":"https:\/\/www.europesays.com\/pt\/wp-json\/wp\/v2\/users\/2"}],"replies":[{"embeddable":true,"href":"https:\/\/www.europesays.com\/pt\/wp-json\/wp\/v2\/comments?post=131636"}],"version-history":[{"count":0,"href":"https:\/\/www.europesays.com\/pt\/wp-json\/wp\/v2\/posts\/131636\/revisions"}],"wp:featuredmedia":[{"embeddable":true,"href":"https:\/\/www.europesays.com\/pt\/wp-json\/wp\/v2\/media\/131637"}],"wp:attachment":[{"href":"https:\/\/www.europesays.com\/pt\/wp-json\/wp\/v2\/media?parent=131636"}],"wp:term":[{"taxonomy":"category","embeddable":true,"href":"https:\/\/www.europesays.com\/pt\/wp-json\/wp\/v2\/categories?post=131636"},{"taxonomy":"post_tag","embeddable":true,"href":"https:\/\/www.europesays.com\/pt\/wp-json\/wp\/v2\/tags?post=131636"}],"curies":[{"name":"wp","href":"https:\/\/api.w.org\/{rel}","templated":true}]}}