{"id":131638,"date":"2025-10-29T19:07:10","date_gmt":"2025-10-29T19:07:10","guid":{"rendered":"https:\/\/www.europesays.com\/pt\/131638\/"},"modified":"2025-10-29T19:07:10","modified_gmt":"2025-10-29T19:07:10","slug":"radio-educadora-fm-dois-vizinhos-pr-20","status":"publish","type":"post","link":"https:\/\/www.europesays.com\/pt\/131638\/","title":{"rendered":"R\u00e1dio Educadora FM &#8211; Dois Vizinhos PR."},"content":{"rendered":"<p style=\"text-align: justify;\">Um epis\u00f3dio impressionante e comovente chocou os moradores de Rio Branco (AC) na manh\u00e3 deste s\u00e1bado, 25 de outubro de 2025. Um rec\u00e9m-nascido, declarado morto pela equipe m\u00e9dica de uma maternidade, foi retirado com vida do pr\u00f3prio vel\u00f3rio, depois que familiares ouviram o beb\u00ea chorar dentro do caix\u00e3o, momentos antes do sepultamento.<br \/>De acordo com informa\u00e7\u00f5es divulgadas pela R\u00e1dio Banda B, o beb\u00ea, com aproximadamente cinco meses de gesta\u00e7\u00e3o, nasceu na sexta-feira (24) e foi considerado natimorto ap\u00f3s um laudo m\u00e9dico apontar hip\u00f3xia intrauterina, condi\u00e7\u00e3o em que h\u00e1 falta de oxig\u00eanio durante a gesta\u00e7\u00e3o. O corpo da crian\u00e7a ficou cerca de 12 horas dentro de um saco, at\u00e9 ser levado para a cerim\u00f4nia f\u00fanebre.<br \/>Durante o vel\u00f3rio, uma tia quis ver o beb\u00ea e pediu para que o caix\u00e3o fosse aberto. Ao retirar a tampa, os presentes ouviram o choro e perceberam que a crian\u00e7a ainda respirava. O rec\u00e9m-nascido foi imediatamente levado de volta \u00e0 maternidade, onde segue internado em estado grave, devido \u00e0 prematuridade extrema.<br \/>A Pol\u00edcia Militar foi acionada e registrou a ocorr\u00eancia. O caso ser\u00e1 investigado pela Delegacia de Pol\u00edcia Civil de Rio Branco, que deve ouvir os profissionais de sa\u00fade envolvidos no parto e na declara\u00e7\u00e3o de \u00f3bito.<br \/>O epis\u00f3dio provocou grande repercuss\u00e3o nas redes sociais e reacendeu o debate sobre protocolos hospitalares e verifica\u00e7\u00e3o de \u00f3bitos neonatais.<br \/>Fonte: R\u00e1dio Banda B<\/p>\n","protected":false},"excerpt":{"rendered":"Um epis\u00f3dio impressionante e comovente chocou os moradores de Rio Branco (AC) na manh\u00e3 deste s\u00e1bado, 25 de&hellip;\n","protected":false},"author":2,"featured_media":131639,"comment_status":"","ping_status":"","sticky":false,"template":"","format":"standard","meta":{"footnotes":""},"categories":[141],"tags":[3050,3056,3054,3055,3051,3052,114,115,1914,1915,149,150,3053,32,33,766],"class_list":{"0":"post-131638","1":"post","2":"type-post","3":"status-publish","4":"format-standard","5":"has-post-thumbnail","7":"category-musica","8":"tag-am","9":"tag-ao-vivo","10":"tag-dois-vizinhos","11":"tag-doisvizinhos","12":"tag-educadora","13":"tag-educadoradv","14":"tag-entertainment","15":"tag-entretenimento","16":"tag-fm","17":"tag-mp3","18":"tag-music","19":"tag-musica","20":"tag-player","21":"tag-portugal","22":"tag-pt","23":"tag-radio"},"share_on_mastodon":{"url":"https:\/\/pubeurope.com\/@pt\/115459027335750892","error":""},"_links":{"self":[{"href":"https:\/\/www.europesays.com\/pt\/wp-json\/wp\/v2\/posts\/131638","targetHints":{"allow":["GET"]}}],"collection":[{"href":"https:\/\/www.europesays.com\/pt\/wp-json\/wp\/v2\/posts"}],"about":[{"href":"https:\/\/www.europesays.com\/pt\/wp-json\/wp\/v2\/types\/post"}],"author":[{"embeddable":true,"href":"https:\/\/www.europesays.com\/pt\/wp-json\/wp\/v2\/users\/2"}],"replies":[{"embeddable":true,"href":"https:\/\/www.europesays.com\/pt\/wp-json\/wp\/v2\/comments?post=131638"}],"version-history":[{"count":0,"href":"https:\/\/www.europesays.com\/pt\/wp-json\/wp\/v2\/posts\/131638\/revisions"}],"wp:featuredmedia":[{"embeddable":true,"href":"https:\/\/www.europesays.com\/pt\/wp-json\/wp\/v2\/media\/131639"}],"wp:attachment":[{"href":"https:\/\/www.europesays.com\/pt\/wp-json\/wp\/v2\/media?parent=131638"}],"wp:term":[{"taxonomy":"category","embeddable":true,"href":"https:\/\/www.europesays.com\/pt\/wp-json\/wp\/v2\/categories?post=131638"},{"taxonomy":"post_tag","embeddable":true,"href":"https:\/\/www.europesays.com\/pt\/wp-json\/wp\/v2\/tags?post=131638"}],"curies":[{"name":"wp","href":"https:\/\/api.w.org\/{rel}","templated":true}]}}