{"id":131642,"date":"2025-10-29T19:12:13","date_gmt":"2025-10-29T19:12:13","guid":{"rendered":"https:\/\/www.europesays.com\/pt\/131642\/"},"modified":"2025-10-29T19:12:13","modified_gmt":"2025-10-29T19:12:13","slug":"satelites-indicam-que-a-terra-esta-ficando-cada-vez-mais-escura","status":"publish","type":"post","link":"https:\/\/www.europesays.com\/pt\/131642\/","title":{"rendered":"Sat\u00e9lites indicam que a Terra est\u00e1 ficando cada vez mais escura"},"content":{"rendered":"<p>Segundo um novo estudo, publicado em 29 de setembro na revista <a href=\"https:\/\/www.pnas.org\/doi\/10.1073\/pnas.2511595122\" rel=\"nofollow noopener\" target=\"_blank\">PNAS<\/a>, a Terra est\u00e1 refletindo menos luz solar de volta ao espa\u00e7o \u2014 ou, em outros termos, ficando mais escura.<\/p>\n<p>A pesquisa tamb\u00e9m indica que o fen\u00f4meno \u00e9 mais concentrado no Hemisf\u00e9rio Norte, que estaria perdendo o brilho mais rapidamente do que o <a href=\"https:\/\/aventurasnahistoria.com.br\/noticias\/historia-hoje\/afinal-o-que-e-o-equinocio-de-primavera.phtml\" rel=\"nofollow noopener\" target=\"_blank\">Hemisf\u00e9rio Sul<\/a>.<\/p>\n<p> O equil\u00edbrio perdido <\/p>\n<p>A descoberta, no entanto, contradiz uma teoria antiga, segundo a qual os dois hemisf\u00e9rios teriam albedo (n\u00edveis de reflex\u00e3o de luz) naturalmente equilibrados.<\/p>\n<p>O que se sabe \u00e9 que a Terra n\u00e3o absorve toda a <a href=\"https:\/\/aventurasnahistoria.com.br\/noticias\/historia-hoje\/dispositivos-movidos-a-luz-solar-podem-revolucionar-a-ciencia-atmosferica.phtml\" rel=\"nofollow noopener\" target=\"_blank\">luz solar<\/a> \u2014 parte dela \u00e9 refletida de volta ao espa\u00e7o. Essa reflex\u00e3o \u00e9 essencial para manter o equil\u00edbrio energ\u00e9tico do planeta.<\/p>\n<p>Antes, os pesquisadores acreditavam que os hemisf\u00e9rios norte e sul tinham brilhos sim\u00e9tricos, e que essa era uma propriedade est\u00e1vel do planeta.<\/p>\n<p> Hemisf\u00e9rio Norte <\/p>\n<p>O estudo \u00e9 baseado em mais de duas d\u00e9cadas de observa\u00e7\u00f5es via <a href=\"https:\/\/aventurasnahistoria.com.br\/noticias\/historia-hoje\/imagens-de-satelite-podem-ajudar-a-solucionar-desaparecimento-de-amelia-earhart.phtml\" rel=\"nofollow noopener\" target=\"_blank\">sat\u00e9lite<\/a>. As medi\u00e7\u00f5es mostraram uma mudan\u00e7a progressiva: ambos os hemisf\u00e9rios est\u00e3o escurecendo, mas o norte mais rapidamente.<\/p>\n<p>Essa altera\u00e7\u00e3o estaria ocorrendo por diversos fatores, entre eles o derretimento de gelo e neve. Com o desaparecimento dessas superf\u00edcies claras \u2014 que antes refletiam a luz \u2014, os oceanos e solos escuros acabam ficando mais aparentes, conforme repercutido pela revista Smithsonian.<\/p>\n<blockquote>\n<p>A superf\u00edcie do Hemisf\u00e9rio Norte est\u00e1 ficando mais escura porque a neve e o gelo est\u00e3o derretendo. Isso exp\u00f5e a terra e o oceano por baixo. E a polui\u00e7\u00e3o diminuiu em lugares como China, EUA e Europa. Isso significa que h\u00e1 menos aeross\u00f3is no ar para refletir a luz solar. No Hemisf\u00e9rio Sul, \u00e9 o oposto.\u201d, disse\u00a0<strong>Norman Loeb<\/strong>, principal autor do estudo \u00e0 <a href=\"https:\/\/eos.org\/articles\/new-satellite-data-reveal-a-shift-in-earths-once-balanced-energy-system\" rel=\"nofollow noopener\" target=\"_blank\">Eos<\/a>.<\/p>\n<\/blockquote>\n<p>Outros motivos tamb\u00e9m se destacam, como a redu\u00e7\u00e3o de poluentes e aeross\u00f3is por pol\u00edticas ambientais em pa\u00edses como China, Estados Unidos e Europa. <\/p>\n<p>Essas medidas diminu\u00edram o uso de part\u00edculas que refletiam a luz solar. Al\u00e9m disso, h\u00e1 uma maior presen\u00e7a de vapor d\u2019\u00e1gua na atmosfera, o que faz com que o norte fique mais quente e acumule mais umidade.\u00a0<\/p>\n<p>Todo esse conjunto contribui para uma menor reflex\u00e3o e maior absor\u00e7\u00e3o de calor, o que gera um efeito de <a href=\"https:\/\/aventurasnahistoria.com.br\/noticias\/historia-hoje\/metereologista-diz-que-planeta-terra-ficara-inabitavel-ate-2100.phtml\" rel=\"nofollow noopener\" target=\"_blank\">aquecimento<\/a> refor\u00e7ado.<\/p>\n<p> Hemisf\u00e9rio Sul e outro aliado <\/p>\n<p>A situa\u00e7\u00e3o no sul j\u00e1 \u00e9 diferente, com erup\u00e7\u00f5es vulc\u00e2nicas recentes e os inc\u00eandios florestais na Austr\u00e1lia aumentaram os aeross\u00f3is atmosf\u00e9ricos, refletindo mais luz. Essa situa\u00e7\u00e3o, apesar de parecer critica, ajuda o sul a manter seu brilho por mais tempo.\u00a0<\/p>\n<p>Outro aliado eram as nuvens, que durante anos desempenharam um papel importante nesse equil\u00edbrio, refletindo ou absorvendo luz conforme sua altitude e densidade. Mas, segundo o estudo, essa compensa\u00e7\u00e3o tem um limite, e talvez as nuvens n\u00e3o consigam mais sustentar a simetria do albedo entre os hemisf\u00e9rios caso o desequil\u00edbrio continue crescendo.<\/p>\n<p> Planeta em desequil\u00edbrio <\/p>\n<p>A pesquisa evidencia que o planeta est\u00e1 mudando at\u00e9 na forma como reflete a luz e o\u00a0que antes parecia uma simetria natural pode estar se desfazendo diante das transforma\u00e7\u00f5es clim\u00e1ticas e atmosf\u00e9ricas.<\/p>\n<p>Os cientistas ainda alertam que esse desequil\u00edbrio no brilho n\u00e3o afeta apenas a apar\u00eancia da Terra, mas pode influenciar desde as correntes oce\u00e2nicas at\u00e9 os padr\u00f5es clim\u00e1ticos globais.<\/p>\n<p>O excesso de calor pode alterar din\u00e2micas atmosf\u00e9ricas e marinhas, com consequ\u00eancias ainda consideradas uma \u201cquest\u00e3o em aberto\u201d.<\/p>\n","protected":false},"excerpt":{"rendered":"Segundo um novo estudo, publicado em 29 de setembro na revista PNAS, a Terra est\u00e1 refletindo menos luz&hellip;\n","protected":false},"author":2,"featured_media":131643,"comment_status":"","ping_status":"","sticky":false,"template":"","format":"standard","meta":{"footnotes":""},"categories":[84],"tags":[443,109,107,108,2271,6393,13,32,33,105,103,104,106,110,1151],"class_list":{"0":"post-131642","1":"post","2":"type-post","3":"status-publish","4":"format-standard","5":"has-post-thumbnail","7":"category-ciencia-e-tecnologia","8":"tag-astronomia","9":"tag-ciencia","10":"tag-ciencia-e-tecnologia","11":"tag-cienciaetecnologia","12":"tag-clima","13":"tag-mudanca-climatica","14":"tag-noticias","15":"tag-portugal","16":"tag-pt","17":"tag-science","18":"tag-science-and-technology","19":"tag-scienceandtechnology","20":"tag-technology","21":"tag-tecnologia","22":"tag-terra"},"share_on_mastodon":{"url":"https:\/\/pubeurope.com\/@pt\/115459047031879703","error":""},"_links":{"self":[{"href":"https:\/\/www.europesays.com\/pt\/wp-json\/wp\/v2\/posts\/131642","targetHints":{"allow":["GET"]}}],"collection":[{"href":"https:\/\/www.europesays.com\/pt\/wp-json\/wp\/v2\/posts"}],"about":[{"href":"https:\/\/www.europesays.com\/pt\/wp-json\/wp\/v2\/types\/post"}],"author":[{"embeddable":true,"href":"https:\/\/www.europesays.com\/pt\/wp-json\/wp\/v2\/users\/2"}],"replies":[{"embeddable":true,"href":"https:\/\/www.europesays.com\/pt\/wp-json\/wp\/v2\/comments?post=131642"}],"version-history":[{"count":0,"href":"https:\/\/www.europesays.com\/pt\/wp-json\/wp\/v2\/posts\/131642\/revisions"}],"wp:featuredmedia":[{"embeddable":true,"href":"https:\/\/www.europesays.com\/pt\/wp-json\/wp\/v2\/media\/131643"}],"wp:attachment":[{"href":"https:\/\/www.europesays.com\/pt\/wp-json\/wp\/v2\/media?parent=131642"}],"wp:term":[{"taxonomy":"category","embeddable":true,"href":"https:\/\/www.europesays.com\/pt\/wp-json\/wp\/v2\/categories?post=131642"},{"taxonomy":"post_tag","embeddable":true,"href":"https:\/\/www.europesays.com\/pt\/wp-json\/wp\/v2\/tags?post=131642"}],"curies":[{"name":"wp","href":"https:\/\/api.w.org\/{rel}","templated":true}]}}