{"id":131654,"date":"2025-10-29T19:21:08","date_gmt":"2025-10-29T19:21:08","guid":{"rendered":"https:\/\/www.europesays.com\/pt\/131654\/"},"modified":"2025-10-29T19:21:08","modified_gmt":"2025-10-29T19:21:08","slug":"chen-baekhyun-e-xiumin-se-pronunciam-sobre-exclusao-em-comeback-do-exo","status":"publish","type":"post","link":"https:\/\/www.europesays.com\/pt\/131654\/","title":{"rendered":"Chen, Baekhyun e Xiumin se pronunciam sobre exclus\u00e3o em comeback do EXO"},"content":{"rendered":"<p>No in\u00edcio dessa semana, a SM Entertainment anunciou que o <a href=\"https:\/\/www.instagram.com\/weareone.exo\/\" target=\"_blank\" rel=\"noopener nofollow\">EXO<\/a> est\u00e1 se preparando para realizar um fanmeeting e um novo comeback, por\u00e9m, com a participa\u00e7\u00e3o de apenas seis dos nove integrantes, incluindo <strong>Lay<\/strong>, por\u00e9m, excluindo <strong>Chen<\/strong>, <strong>Baekhyun<\/strong> e <strong>Xiumin<\/strong>, que formam a unit EXO-CBX, das atividades.<\/p>\n<p>Nesta quarta-feira, 29, a INB100, empresa respons\u00e1vel por gerenciar a carreira do trio, emitiu uma nota explicando a situa\u00e7\u00e3o aos f\u00e3s, onde revelou que, h\u00e1 meses v\u00eam tentando entrar em um acordo com a SM para que o CBX pudesse participar das promo\u00e7\u00f5es e cumprisse a promessa feita aos f\u00e3s, por\u00e9m, foram surpreendidos com o an\u00fancio da exclus\u00e3o dos tr\u00eas cantores.<\/p>\n<p>Vale lembrar que, em junho do ano passado, quando rumores sobre um <a href=\"https:\/\/recreio.com.br\/tags\/comeback\" target=\"_blank\" rel=\"noopener nofollow\">comeback<\/a> de inverno do EXO repercutiam na m\u00eddia, a ag\u00eancia tamb\u00e9m havia se pronunciado, garantindo que, apesar da disputa judicial entre os artistas e a <a href=\"https:\/\/www.smentertainment.com\/\" target=\"_blank\" rel=\"noopener nofollow\">SM Entertainment<\/a>, o conflito n\u00e3o iria interferir na carreira do grupo, garantindo que o trio participaria \u201cfielmente das atividades da SM Entertainment e do EXO.\u201d.<\/p>\n<p>No novo comunicado, a INB100 explica que as negocia\u00e7\u00f5es ocorrem desde o m\u00eas de julho, e que o acordo estava parcialmente fechado. No entanto, mesmo com as discuss\u00f5es, o an\u00fancio foi feito revelando a aus\u00eancia de <a href=\"https:\/\/pt.wikipedia.org\/wiki\/Exo-CBX\" target=\"_blank\" rel=\"noopener nofollow\"><strong>Chen<\/strong>, <strong>Baekhyun<\/strong> e <strong>Xiumin<\/strong><\/a>. Confira o pronunciamento completo:<\/p>\n<blockquote>\n<p>\u201cPedimos sinceras desculpas pela confus\u00e3o e preocupa\u00e7\u00e3o causadas pelo atraso no an\u00fancio de nossa posi\u00e7\u00e3o sobre a participa\u00e7\u00e3o ou n\u00e3o do CBX nas atividades do EXO como um todo.<br \/>INB100 e nossos artistas Chen, Baekhyun e Xiumin (doravante \u201cCBX\u201d) prometeram aos f\u00e3s que, como membros do EXO, participariam de atividades com o grupo completo, e temos feito todos os esfor\u00e7os poss\u00edveis para honrar essa promessa.<br \/>Assim sendo, gostar\u00edamos de compartilhar o que aconteceu at\u00e9 o momento.<br \/><strong>1. 9 de julho de 2025 \u2014<\/strong> Primeira confirma\u00e7\u00e3o da inten\u00e7\u00e3o de chegar a um acordo com a SM Entertainment (doravante \u2018SM\u2019).<br \/>Reunimo-nos diretamente com a SM para confirmar a dire\u00e7\u00e3o e o compromisso com um acordo para as atividades do grupo EXO.<br \/><strong>2. 10 de setembro de 2025 \u2014<\/strong> Troca m\u00fatua de termos concretos.<br \/>Ambas as partes trocaram termos espec\u00edficos e entraram em uma fase de negocia\u00e7\u00e3o substancial.<br \/><strong>3. Aceita\u00e7\u00e3o total das exig\u00eancias da SM<\/strong><br \/>Ap\u00f3s a segunda reuni\u00e3o de media\u00e7\u00e3o (2 de outubro), para viabilizar o retorno completo do EXO no final do ano, o CBX deixou clara sua disposi\u00e7\u00e3o em aceitar todas as condi\u00e7\u00f5es apresentadas pela SM.<br \/><strong>4. Ajustes de agenda priorizando as atividades do EXO<br \/><\/strong>. Para facilitar as atividades de todo o grupo, todas as agendas individuais de dezembro foram canceladas e aguardamos a resposta final da SM por meio de nossos representantes legais.<br \/>Enquanto nos dedic\u00e1vamos \u00e0s atividades do EXO como um todo, nos deparamos com avisos sobre um encontro de f\u00e3s do EXO e o an\u00fancio de um \u00e1lbum de est\u00fadio que excluem o CBX.<br \/>Pedimos desculpas pela demora na resposta, pois est\u00e1vamos tentando apurar as inten\u00e7\u00f5es da SM em rela\u00e7\u00e3o ao andamento do acordo nesta situa\u00e7\u00e3o inesperada.<br \/>Os membros do CBX sempre valorizaram a sinceridade dos f\u00e3s que os acompanham h\u00e1 tanto tempo e, por desejarem sinceramente as atividades do EXO como um todo, escolheram chegar a um acordo.<br \/>Assim sendo, planejamos finalizar os termos para as atividades em grupo o mais breve poss\u00edvel.<br \/>Agradecemos aos f\u00e3s que sempre confiam e esperam por n\u00f3s, e faremos o nosso melhor para alcan\u00e7ar bons resultados. Contamos com a sua cont\u00ednua confian\u00e7a e apoio\u201d.<\/p>\n<\/blockquote>\n<p>O caso judicial entre o EXO-CBX e a SM Entertainment se estende desde junho de 2024, quando os artistas entraram com uma a\u00e7\u00e3o judicial para o fim de seus contratos exclusivos, alegando que os acordos com a empresa eram abusivos e que os pagamentos corretos n\u00e3o haviam sido realizados.<\/p>\n<p>Em outubro do mesmo ano, o tribunal absolveu ou arquivou todos os cinco processos que a CBX moveu contra a SM, enquanto o Minist\u00e9rio da Cultura, Esportes e Turismo tamb\u00e9m determinou que as queixas prestadas pelos artistas n\u00e3o havia irregularidades.<\/p>\n<p>        <a href=\"https:\/\/recreio.com.br\/noticias\/author\/daniela-bazi\" rel=\"nofollow noopener\" target=\"_blank\">&#13;<br \/>\n          <img loading=\"lazy\" alt=\"Daniela Bazi\" src=\"https:\/\/www.europesays.com\/pt\/wp-content\/uploads\/2025\/10\/1761765667_633_701cc86240953f42e068ecf8a0bb18dadb05bc88d7e776f8edb20aaea33b4eea\"  class=\"avatar avatar-115 photo rounded-circle mr-3\" height=\"115\" width=\"115\" decoding=\"async\"\/>        <\/a><\/p>\n<p>Daniela Bazi \u00e9 jornalista graduada pela UNINOVE, e bruxa formada na Escola de Magia e Bruxaria de Hogwarts. Amante de anima\u00e7\u00f5es, filmes e s\u00e9ries, tamb\u00e9m \u00e9 f\u00e3 de divas pop, entusiasta da Disney e k-popper nas horas vagas.<\/p>\n<p>\t                                            <script async src=\"\/\/www.instagram.com\/embed.js\"><\/script><\/p>\n","protected":false},"excerpt":{"rendered":"No in\u00edcio dessa semana, a SM Entertainment anunciou que o EXO est\u00e1 se preparando para realizar um fanmeeting&hellip;\n","protected":false},"author":2,"featured_media":131655,"comment_status":"","ping_status":"","sticky":false,"template":"","format":"standard","meta":{"footnotes":""},"categories":[141],"tags":[25029,29871,3600,114,115,25031,29872,1688,149,150,32,33,29873,29874],"class_list":{"0":"post-131654","1":"post","2":"type-post","3":"status-publish","4":"format-standard","5":"has-post-thumbnail","7":"category-musica","8":"tag-baekhyun","9":"tag-chen","10":"tag-comeback","11":"tag-entertainment","12":"tag-entretenimento","13":"tag-exo","14":"tag-exo-cbx","15":"tag-k-pop","16":"tag-music","17":"tag-musica","18":"tag-portugal","19":"tag-pt","20":"tag-sm-entertainment","21":"tag-xiumin"},"share_on_mastodon":{"url":"https:\/\/pubeurope.com\/@pt\/115459082492074800","error":""},"_links":{"self":[{"href":"https:\/\/www.europesays.com\/pt\/wp-json\/wp\/v2\/posts\/131654","targetHints":{"allow":["GET"]}}],"collection":[{"href":"https:\/\/www.europesays.com\/pt\/wp-json\/wp\/v2\/posts"}],"about":[{"href":"https:\/\/www.europesays.com\/pt\/wp-json\/wp\/v2\/types\/post"}],"author":[{"embeddable":true,"href":"https:\/\/www.europesays.com\/pt\/wp-json\/wp\/v2\/users\/2"}],"replies":[{"embeddable":true,"href":"https:\/\/www.europesays.com\/pt\/wp-json\/wp\/v2\/comments?post=131654"}],"version-history":[{"count":0,"href":"https:\/\/www.europesays.com\/pt\/wp-json\/wp\/v2\/posts\/131654\/revisions"}],"wp:featuredmedia":[{"embeddable":true,"href":"https:\/\/www.europesays.com\/pt\/wp-json\/wp\/v2\/media\/131655"}],"wp:attachment":[{"href":"https:\/\/www.europesays.com\/pt\/wp-json\/wp\/v2\/media?parent=131654"}],"wp:term":[{"taxonomy":"category","embeddable":true,"href":"https:\/\/www.europesays.com\/pt\/wp-json\/wp\/v2\/categories?post=131654"},{"taxonomy":"post_tag","embeddable":true,"href":"https:\/\/www.europesays.com\/pt\/wp-json\/wp\/v2\/tags?post=131654"}],"curies":[{"name":"wp","href":"https:\/\/api.w.org\/{rel}","templated":true}]}}