{"id":131658,"date":"2025-10-29T19:26:18","date_gmt":"2025-10-29T19:26:18","guid":{"rendered":"https:\/\/www.europesays.com\/pt\/131658\/"},"modified":"2025-10-29T19:26:18","modified_gmt":"2025-10-29T19:26:18","slug":"linha-sound-blaster-esta-de-volta-como-uma-placa-de-audio-modular","status":"publish","type":"post","link":"https:\/\/www.europesays.com\/pt\/131658\/","title":{"rendered":"Linha Sound Blaster est\u00e1 de volta como uma placa de \u00e1udio modular"},"content":{"rendered":"<p>\t\t\t    <img loading=\"lazy\" data-perfmatters-preload=\"\" width=\"910\" height=\"568\" src=\"https:\/\/www.europesays.com\/pt\/wp-content\/uploads\/2025\/10\/Sound-Blaster-Retorna-Audio-Modular-912x569.jpg\" class=\"attachment-910x568 size-910x568\" alt=\"Linha Sound Blaster est\u00e1 de volta como uma placa de \u00e1udio modular\"   decoding=\"async\"\/>Cr\u00e9ditos: Divulga\u00e7\u00e3o\/Creative Labs\t    <\/p>\n<p>Caso voc\u00ea tenha crescido durante os anos 1990 jogando games do PC, \u00e9 bem prov\u00e1vel que lembre ao menos do nome da linha Sound Blaster. Uma refer\u00eancia no setor de placas de som dedicada, a marca foi perdendo espa\u00e7o conforme placas-m\u00e3es foram incorporando mais elementos de \u00e1udio \u2014 e, em anos recentes, sobreviveu na forma de <a href=\"https:\/\/www.adrenaline.com.br\/perifericos\/creative-lanca-placa-de-som-sound-blaster-x4\/\" rel=\"nofollow noopener\" target=\"_blank\">modelos para entusiastas e DACs<\/a>.<\/p>\n<p>No entanto, a Creative Labs acredita que o nome ainda carrega muito peso e tem o potencial de agradar a uma nova gera\u00e7\u00e3o de consumidores. Nesta semana, a fabricante anunciou o produto Re:Imagine, que promete ser <strong>uma placa de \u00e1udio modular que vai se basear em um c\u00f3digo aberto e no uso da intelig\u00eancia artificial<\/strong>.<\/p>\n<p><img loading=\"lazy\" decoding=\"async\" width=\"1200\" height=\"675\" alt=\"Linha Sound Blaster est\u00e1 de volta como uma placa de \u00e1udio modular\" class=\"wp-image-632477 perfmatters-lazy\" src=\"https:\/\/www.europesays.com\/pt\/wp-content\/uploads\/2025\/10\/Sound-Blaster-Retorna-Audio-Modular-01.jpg\"  data-\/>Imagem: Divulga\u00e7\u00e3o\/Creative Labs<\/p>\n<p>A proposta \u00e9 ser uma mistura entre um DAC, <a href=\"https:\/\/www.adrenaline.com.br\/games\/pc-games\/creative-anuncia-nova-placa-de-som-discreta-sound-blaster-z-se\/\" rel=\"nofollow noopener\" target=\"_blank\">placa de som convencional<\/a> e um sistema de controles de sistemas, no estilo do Stream Deck. Assim, al\u00e9m de ajustar o \u00e1udio que passa pelas suas caixas de som e fones de ouvido, o usu\u00e1rio do Sound Blaster Re:Imagine tamb\u00e9m vai poder us\u00e1-lo para gerenciar streamings e v\u00e1rias fun\u00e7\u00f5es de seu PC.<\/p>\n<p>Sound Blaster Re: Imagine promete design modular e aberto<\/p>\n<p>Segundo <a href=\"https:\/\/www.adrenaline.com.br\/noticias\/sim-wong-hoo-fundador-da-creative-das-placas-sound-blaster-morre-aos-67-anos\/\" rel=\"nofollow noopener\" target=\"_blank\">a proposta da Creative Labs<\/a>, seu novo produto pode virar a central de \u00e1udio para praticamente todos os dispositivos que uma pessoa possui em casa. Al\u00e9m de controlar o som do PC, o aparelho modular tamb\u00e9m vai permitir gerenciar fones de ouvido, caixas de som, consoles, displays estendidos, instrumentos musicais e smartphones, entre outros dispositivos.<\/p>\n<p>O Sound Blaster Re:Imagine apresenta uma unidade b\u00e1sica, na qual diversos m\u00f3dulos podem ser acoplados de forma magn\u00e9tica. Assim, <strong>o produto pode ser expandido aos poucos para oferecer as fun\u00e7\u00f5es que os consumidores realmente desejam<\/strong>. Ele pode funcionar tanto sozinho quanto conectado a um PC (via cabo USB) e promete um DAC de alta resolu\u00e7\u00e3o de 32-bit\/384 KHz, tela de 3 polegadas e um SOC ARM Octa-Core com NPU integrada.<\/p>\n<p><img loading=\"lazy\" decoding=\"async\" width=\"1200\" height=\"668\" alt=\"Linha Sound Blaster est\u00e1 de volta como uma placa de \u00e1udio modular\" class=\"wp-image-632478 perfmatters-lazy\" src=\"https:\/\/www.europesays.com\/pt\/wp-content\/uploads\/2025\/10\/Sound-Blaster-Retorna-Audio-Modular-02.jpg\"  data-\/>Imagem: Divulga\u00e7\u00e3o\/Creative Labs<\/p>\n<p>Outras caracter\u00edsticas incluem 8 GB de mem\u00f3ria RAM LPDDR4, 16 GB de armazenamento interno (expans\u00edvel com cart\u00f5es TF) e conectividade Bluetooth e Wi-Fi 6. Al\u00e9m de oferecer v\u00e1rios bot\u00f5es program\u00e1veis, o dispositivo tamb\u00e9m vai ser capaz de rodar games e aplicativos simples com o poder de seu hardware e do c\u00f3digo aberto.<\/p>\n<p>Apesar de a proposta parecer interessante, a Creative Labs n\u00e3o quer tomar riscos com ela: para financiar o projeto, <a href=\"https:\/\/www.kickstarter.com\/projects\/soundblaster\/sound-blaster-re-imagine-modular-audio-hub-with-ai\" target=\"_blank\" rel=\"noreferrer noopener nofollow\">ela recorreu ao Kickstater<\/a> \u2014 onde j\u00e1 tem uma campanha considera bem-sucedida. Caso voc\u00ea esteja interessado em reservar a nova vers\u00e3o da Sound Blaster, <strong>vai ser preciso investir pelo menos US$ 426 (US$ 2.276) na pr\u00e9-venda<\/strong>, ou US$ 500 (R$ 2672) quando o dispositivo estrear comercialmente em julho de 2026.<\/p>\n<p>Fonte: <a href=\"https:\/\/www.tomshardware.com\/pc-components\/sound-cards\/creative-labs-revives-sound-blaster-brand-with-modular-audio-hub-re-imagine-is-a-tactile-stream-deck-competitor-aimed-at-creators-and-audiophiles\" target=\"_blank\" rel=\"noreferrer noopener nofollow\">Tom\u2019s Hardware<\/a>, <a href=\"https:\/\/sg.creative.com\/corporate\/pressroom?id=13855\" target=\"_blank\" rel=\"noreferrer noopener nofollow\">Creative Labs<\/a><\/p>\n<p>\t\t<img loading=\"lazy\" width=\"210\" height=\"270\" class=\"attachment-210x270 size-210x270 perfmatters-lazy\" alt=\"Participe do grupo de ofertas do Adrenaline\" decoding=\"async\" src=\"https:\/\/www.europesays.com\/pt\/wp-content\/uploads\/2025\/07\/Adrena-Ofertas-02-210x270.png\"  data-\/>\t<\/p>\n<p>\t\t\tParticipe do grupo de ofertas do Adrenaline\t\t<\/p>\n<p class=\"single-text-informative-content-description mb-24 p-desk\">\n\t\t\tConfira as principais ofertas de hardware, componentes e outros eletr\u00f4nicos que encontramos pela internet. Placa de v\u00eddeo, placa-m\u00e3e, mem\u00f3ria RAM e tudo que voc\u00ea precisa para montar o seu PC. Ao participar do nosso grupo, voc\u00ea recebe promo\u00e7\u00f5es diariamente e tem acesso antecipado a cupons de desconto.\t\t<\/p>\n<p>\t\t<a class=\"btn-veja-mais btn-veja-mais-red\" href=\"https:\/\/adrena.click\/ofertas\" title=\"Conte\u00fado informativo\" target=\"_blank\" style=\"background: green;\" rel=\"nofollow noopener\"><br \/>\n\t\t\tEntre no grupo e aproveite as promo\u00e7\u00f5es\t\t<\/a><\/p>\n","protected":false},"excerpt":{"rendered":"Cr\u00e9ditos: Divulga\u00e7\u00e3o\/Creative Labs Caso voc\u00ea tenha crescido durante os anos 1990 jogando games do PC, \u00e9 bem prov\u00e1vel&hellip;\n","protected":false},"author":2,"featured_media":131659,"comment_status":"","ping_status":"","sticky":false,"template":"","format":"standard","meta":{"footnotes":""},"categories":[84],"tags":[109,107,108,29875,16977,29876,29877,32,33,105,103,104,29878,29879,106,110],"class_list":{"0":"post-131658","1":"post","2":"type-post","3":"status-publish","4":"format-standard","5":"has-post-thumbnail","7":"category-ciencia-e-tecnologia","8":"tag-ciencia","9":"tag-ciencia-e-tecnologia","10":"tag-cienciaetecnologia","11":"tag-creative-labs","12":"tag-hardware","13":"tag-perifericos","14":"tag-placa-de-som","15":"tag-portugal","16":"tag-pt","17":"tag-science","18":"tag-science-and-technology","19":"tag-scienceandtechnology","20":"tag-sound-blaster","21":"tag-sound-blaster-reimagine","22":"tag-technology","23":"tag-tecnologia"},"share_on_mastodon":{"url":"https:\/\/pubeurope.com\/@pt\/115459102186272680","error":""},"_links":{"self":[{"href":"https:\/\/www.europesays.com\/pt\/wp-json\/wp\/v2\/posts\/131658","targetHints":{"allow":["GET"]}}],"collection":[{"href":"https:\/\/www.europesays.com\/pt\/wp-json\/wp\/v2\/posts"}],"about":[{"href":"https:\/\/www.europesays.com\/pt\/wp-json\/wp\/v2\/types\/post"}],"author":[{"embeddable":true,"href":"https:\/\/www.europesays.com\/pt\/wp-json\/wp\/v2\/users\/2"}],"replies":[{"embeddable":true,"href":"https:\/\/www.europesays.com\/pt\/wp-json\/wp\/v2\/comments?post=131658"}],"version-history":[{"count":0,"href":"https:\/\/www.europesays.com\/pt\/wp-json\/wp\/v2\/posts\/131658\/revisions"}],"wp:featuredmedia":[{"embeddable":true,"href":"https:\/\/www.europesays.com\/pt\/wp-json\/wp\/v2\/media\/131659"}],"wp:attachment":[{"href":"https:\/\/www.europesays.com\/pt\/wp-json\/wp\/v2\/media?parent=131658"}],"wp:term":[{"taxonomy":"category","embeddable":true,"href":"https:\/\/www.europesays.com\/pt\/wp-json\/wp\/v2\/categories?post=131658"},{"taxonomy":"post_tag","embeddable":true,"href":"https:\/\/www.europesays.com\/pt\/wp-json\/wp\/v2\/tags?post=131658"}],"curies":[{"name":"wp","href":"https:\/\/api.w.org\/{rel}","templated":true}]}}