{"id":131660,"date":"2025-10-29T19:28:07","date_gmt":"2025-10-29T19:28:07","guid":{"rendered":"https:\/\/www.europesays.com\/pt\/131660\/"},"modified":"2025-10-29T19:28:07","modified_gmt":"2025-10-29T19:28:07","slug":"eua-informam-aliados-de-que-vao-reduzir-presenca-militar-na-europa-defesa","status":"publish","type":"post","link":"https:\/\/www.europesays.com\/pt\/131660\/","title":{"rendered":"EUA informam aliados de que v\u00e3o reduzir presen\u00e7a militar na Europa | Defesa"},"content":{"rendered":"<p>Os Estados Unidos comunicaram aos pa\u00edses membros da NATO a sua inten\u00e7\u00e3o de reduzir a curto prazo o seu contingente militar na Europa, confirmou a pr\u00f3pria Alian\u00e7a Atl\u00e2ntica, depois de o Governo da Rom\u00e9nia ter aludido em concreto a um potencial corte no flanco Leste.<\/p>\n<p>Um porta-voz da NATO confirmou \u00e0 Europa Press a mudan\u00e7a na postura norte-americana no continente e, embora n\u00e3o tenha detalhado os n\u00fameros desta redu\u00e7\u00e3o de efectivos ou que pa\u00edses aliados ser\u00e3o afectados, explicou que Washington informou previamente a alian\u00e7a e que os contactos s\u00e3o constantes para garantir que o bloco mant\u00e9m uma capacidade \u201crobusta\u201d de dissuas\u00e3o e defesa.<\/p>\n<p>A <a href=\"https:\/\/www.publico.pt\/nato\" rel=\"nofollow noopener\" target=\"_blank\">NATO <\/a>procurou desvalorizar a decis\u00e3o dos Estados Unidos, apontando que \u201cn\u00e3o \u00e9 invulgar\u201d que o Pent\u00e1gono fa\u00e7a ajustes na sua presen\u00e7a militar na Europa e sublinhando que, mesmo com o corte de tropas previsto, o contingente norte-americano na Europa continuar\u00e1 a ser maior do que era antes de 2022.<\/p>\n<p>\u201cA NATO conta com s\u00f3lidos planos de defesa, e estamos a trabalhar para garantir que mantemos as for\u00e7as e capacidades adequadas para dissuadir poss\u00edveis agress\u00f5es e garantir a nossa defesa colectiva\u201d, afirmou o porta-voz da NATO.<\/p>\n<p>Os quart\u00e9is-generais aliados insistem em que o compromisso dos Estados Unidos com a NATO \u00e9 \u201cclaro\u201d e que o Presidente Donald Trump e os membros da sua Administra\u00e7\u00e3o o reiteram sempre que t\u00eam oportunidade. Desde o in\u00edcio do ano, os Estados Unidos v\u00eam insistindo na ideia de que a Europa d\u00ea um passo em frente e seja capaz de garantir a sua pr\u00f3pria seguran\u00e7a, perante a necessidade de os EUA poderem actuar noutros cen\u00e1rios, como o Indo-Pac\u00edfico.<\/p>\n<p>O Minist\u00e9rio da Defesa da Rom\u00e9nia, o primeiro a informar sobre a revis\u00e3o, explicou que esta implica, por exemplo, o fim das rota\u00e7\u00f5es do contingente norte-americano na base a\u00e9rea Mihail Kogalniceanu, embora o Governo romeno tenha garantido no seu comunicado que est\u00e1 em contacto \u201cpermanente\u201d com o seu \u201cparceiro estrat\u00e9gico\u201d e que cerca de mil militares continuar\u00e3o presentes como demonstra\u00e7\u00e3o do \u201ccompromisso\u201d de Washington com a seguran\u00e7a em toda a regi\u00e3o.<\/p>\n<p>Segundo o ministro romeno da Defesa, Ionut Mosteanu, a Administra\u00e7\u00e3o de Donald Trump aplica assim as \u201cnovas prioridades\u201d militares e leva em considera\u00e7\u00e3o que outros pa\u00edses da NATO acordaram refor\u00e7ar a sua presen\u00e7a no flanco Leste da Europa, sem aludir directamente a iniciativas como a <a href=\"https:\/\/www.publico.pt\/2025\/09\/12\/mundo\/noticia\/nato-lanca-operacao-sentinela-oriental-vigiar-uso-drones-longo-fronteira-2147015\" rel=\"nofollow noopener\" target=\"_blank\">Opera\u00e7\u00e3o Sentinela Oriental<\/a>.<\/p>\n<p>Trump tem insistido com os restantes aliados para que assumam maior responsabilidade na seguran\u00e7a europeia, ao mesmo tempo que lhes tem exigido um aumento do investimento em defesa, o que se traduziu na \u00faltima cimeira de l\u00edderes num compromisso comum para elevar o or\u00e7amento militar at\u00e9 aos cinco por cento do PIB.<\/p>\n","protected":false},"excerpt":{"rendered":"Os Estados Unidos comunicaram aos pa\u00edses membros da NATO a sua inten\u00e7\u00e3o de reduzir a curto prazo o&hellip;\n","protected":false},"author":2,"featured_media":131661,"comment_status":"","ping_status":"","sticky":false,"template":"","format":"standard","meta":{"footnotes":""},"categories":[50],"tags":[27,28,2537,413,445,15,16,14,25,26,21,22,62,3400,12,13,19,20,542,23,24,17,18,29,30,31,63,64,65],"class_list":{"0":"post-131660","1":"post","2":"type-post","3":"status-publish","4":"format-standard","5":"has-post-thumbnail","7":"category-mundo","8":"tag-breaking-news","9":"tag-breakingnews","10":"tag-defesa","11":"tag-eua","12":"tag-europa","13":"tag-featured-news","14":"tag-featurednews","15":"tag-headlines","16":"tag-latest-news","17":"tag-latestnews","18":"tag-main-news","19":"tag-mainnews","20":"tag-mundo","21":"tag-nato","22":"tag-news","23":"tag-noticias","24":"tag-noticias-principais","25":"tag-noticiasprincipais","26":"tag-para-redes","27":"tag-principais-noticias","28":"tag-principaisnoticias","29":"tag-top-stories","30":"tag-topstories","31":"tag-ultimas","32":"tag-ultimas-noticias","33":"tag-ultimasnoticias","34":"tag-world","35":"tag-world-news","36":"tag-worldnews"},"share_on_mastodon":{"url":"https:\/\/pubeurope.com\/@pt\/115459109855256144","error":""},"_links":{"self":[{"href":"https:\/\/www.europesays.com\/pt\/wp-json\/wp\/v2\/posts\/131660","targetHints":{"allow":["GET"]}}],"collection":[{"href":"https:\/\/www.europesays.com\/pt\/wp-json\/wp\/v2\/posts"}],"about":[{"href":"https:\/\/www.europesays.com\/pt\/wp-json\/wp\/v2\/types\/post"}],"author":[{"embeddable":true,"href":"https:\/\/www.europesays.com\/pt\/wp-json\/wp\/v2\/users\/2"}],"replies":[{"embeddable":true,"href":"https:\/\/www.europesays.com\/pt\/wp-json\/wp\/v2\/comments?post=131660"}],"version-history":[{"count":0,"href":"https:\/\/www.europesays.com\/pt\/wp-json\/wp\/v2\/posts\/131660\/revisions"}],"wp:featuredmedia":[{"embeddable":true,"href":"https:\/\/www.europesays.com\/pt\/wp-json\/wp\/v2\/media\/131661"}],"wp:attachment":[{"href":"https:\/\/www.europesays.com\/pt\/wp-json\/wp\/v2\/media?parent=131660"}],"wp:term":[{"taxonomy":"category","embeddable":true,"href":"https:\/\/www.europesays.com\/pt\/wp-json\/wp\/v2\/categories?post=131660"},{"taxonomy":"post_tag","embeddable":true,"href":"https:\/\/www.europesays.com\/pt\/wp-json\/wp\/v2\/tags?post=131660"}],"curies":[{"name":"wp","href":"https:\/\/api.w.org\/{rel}","templated":true}]}}