{"id":131662,"date":"2025-10-29T19:30:16","date_gmt":"2025-10-29T19:30:16","guid":{"rendered":"https:\/\/www.europesays.com\/pt\/131662\/"},"modified":"2025-10-29T19:30:16","modified_gmt":"2025-10-29T19:30:16","slug":"eua-ofereceram-milhoes-ao-piloto-de-maduro-para-o-desviar-observador","status":"publish","type":"post","link":"https:\/\/www.europesays.com\/pt\/131662\/","title":{"rendered":"EUA ofereceram milh\u00f5es ao piloto de Maduro para o desviar \u2013 Observador"},"content":{"rendered":"<p>Os Estados Unidos tentaram recrutar o piloto de Nicol\u00e1s Maduro para desviar o avi\u00e3o presidencial e entregar o Presidente da Venezuela \u00e0s autoridades norte-americanas, noticiou a <a href=\"https:\/\/apnews.com\/article\/dhs-plan-capture-maduro-pilot-planes-7915d5a0819ceb518a8ca2b47da8b2e5\" rel=\"nofollow noopener\" target=\"_blank\">Associated Press<\/a>. A opera\u00e7\u00e3o, conduzida por um agente federal, come\u00e7ou em abril de 2024, durante o mandato de Joe Biden, e acabou por fracassar ap\u00f3s meses de contactos secretos, mensagens codificadas e tentativas falhadas de persuas\u00e3o.<\/p>\n<p>De acordo com a ag\u00eancia de not\u00edcias, Edwin L\u00f3pez, que trabalhava na Embaixada dos Estados Unidos na Rep\u00fablica Dominicana e membro da\u00a0Homeland Security Investigations (a ag\u00eancia de investiga\u00e7\u00e3o criminal do Departamento de Seguran\u00e7a Interna dos Estados Unidos), tentou convencer o general venezuelano Bitner Villegas, piloto de confian\u00e7a de Maduro, a cooperar numa <strong>manobra que permitiria capturar o chefe de Estado<\/strong>. L\u00f3pez ter\u00e1 oferecido a Villegas uma recompensa de 50 milh\u00f5es de d\u00f3lares (cerca de 43 milh\u00f5es de euros), o mesmo valor que o Departamento de Justi\u00e7a dos Estados Unidos fixou como pr\u00e9mio pela entrega de Maduro, <strong>acusado de narcoterrorismo desde 2020<\/strong>.<\/p>\n<p>O plano come\u00e7ou a delinear-se quando um informador contactou a embaixada, em abril de 2024, para comunicar que dois avi\u00f5es utilizados por Maduro e por outros altos dirigentes venezuelanos, incluindo a vice-presidente Delcy Rodr\u00edguez, estavam a ser reparados no aeroporto executivo La Isabela, na Rep\u00fablica Dominicana. Eram\u00a0dois jatos de luxo \u2014 um Dassault Falcon 2000EX e um Dassault Falcon 900EX \u2014, que, segundo as autoridades norte-americanas, violavam as san\u00e7\u00f5es impostas pelo Departamento do Tesouro. <a href=\"https:\/\/observador.pt\/2024\/09\/02\/eua-apreendem-aviao-de-nicolas-maduro-na-republica-dominicana\/\" rel=\"nofollow noopener\" target=\"_blank\">Os aparelhos acabariam por ficar confiscados meses depois<\/a>. Na altura, Maduro denunciou o que descreveu como \u201c<strong>um roubo descarado<\/strong>\u201c, enquanto o ministro dos Neg\u00f3cios Estrangeiros venezuelano, Yv\u00e1n Gil, acusou Washington de \u201cpirataria e reincid\u00eancia criminosa\u201d.<\/p>\n<blockquote class=\"wp-embedded-content\" data-secret=\"Uvax4MqQ1Z\">\n<p><a href=\"https:\/\/observador.pt\/2024\/09\/02\/eua-apreendem-aviao-de-nicolas-maduro-na-republica-dominicana\/\" rel=\"nofollow noopener\" target=\"_blank\">EUA apreendem avi\u00e3o de Nicol\u00e1s Maduro na Rep\u00fablica Dominicana<\/a><\/p>\n<\/blockquote>\n<p>Foi neste contexto que L\u00f3pez viu uma <strong>oportunidade para tentar apanhar Nicol\u00e1s Maduro<\/strong>.\u00a0De acordo com as fontes citadas pela Associated Press, o agente federal convenceu as autoridades dominicanas a permitir que interrogasse os pilotos enviados por Caracas para recuperar as aeronaves. Num hangar do aeroporto, um a um, os militares venezuelanos foram chamados a uma sala de reuni\u00f5es. O encontro decisivo foi com Villegas, coronel da For\u00e7a A\u00e9rea e membro da guarda de honra presidencial. Lop\u00e9z fingiu n\u00e3o saber quem ele era, iniciando a <strong>conversa gravada<\/strong> com temas banais \u2014 a carreira militar do piloto, as personalidades que transportara e os modelos de avi\u00f5es que pilotava.<\/p>\n<p>Ap\u00f3s alguns minutos, L\u00f3pez foi direto assunto e perguntou se Villegas j\u00e1 tinha pilotado Hugo Ch\u00e1vez ou Maduro. O militar acabou por admitir que era o piloto pessoal de ambos, tendo mostrado aos agentes fotografias suas com os dois Presidentes. No final, L\u00f3pez apresentou-lhe a proposta: <strong>se transportasse Maduro secretamente para um local controlado pelos Estados Unidos<\/strong> \u2014 como por exemplo a Rep\u00fablica Dominicana, Porto Rico ou a base da Ba\u00eda de Guant\u00e1namo, em Cuba \u2014, <strong>tornar-se-ia \u201cnum homem muito rico\u201d e seria visto como \u201cum her\u00f3i da Venezuela\u201d<\/strong>. Villegas manteve o sil\u00eancio, mas deu ao agente o seu n\u00famero de telefone antes de sair.<\/p>\n<p>A partir da\u00ed, <strong>seguiram-se meses de mensagens trocadas<\/strong> atrav\u00e9s do WhatsApp e do Telegram. L\u00f3pez chegou a enviar textos apelando a que Villegas \u201cficasse do lado certo da hist\u00f3ria\u201d e aproveitasse a recompensa dos 50 milh\u00f5es de d\u00f3lares. O piloto, por\u00e9m, n\u00e3o respondeu e, em setembro deste ano, perante uma nova tentativa, reagiu. \u201cOs venezuelanos s\u00e3o feitos de outra madeira. <strong>A \u00faltima coisa que somos \u00e9 traidores<\/strong>\u201c, respondeu, segundo a reconstru\u00e7\u00e3o dos factos feita pela Associated Press. Pouco depois, bloqueou o n\u00famero do agente.<\/p>\n<p>A posi\u00e7\u00e3o de Villegas ter\u00e1 levado os c\u00edrculos anti-Maduro pr\u00f3ximos de L\u00f3pez a tentar desestabilizar o regime. No dia 19 de setembro deste ano, o antigo funcion\u00e1rio norte-americano Marshall Billingslea publicou na <a href=\"https:\/\/twitter.com\/M_S_Billingslea\/status\/1969114671731843357\" rel=\"nofollow noopener\" target=\"_blank\">rede social X<\/a> uma mensagem sarc\u00e1stica: \u201cFeliz anivers\u00e1rio, general Bitner!\u201d, acompanhada de fotografias do piloto que sugeriam uma poss\u00edvel colabora\u00e7\u00e3o com Washington. A publica\u00e7\u00e3o, que ultrapassou os tr\u00eas milh\u00f5es de visualiza\u00e7\u00f5es, alimentou v\u00e1rios rumores de que Villegas teria sido interrogado ou mesmo detido pelos Estados Unidos.<\/p>\n<blockquote class=\"twitter-tweet\" data-width=\"500\" data-dnt=\"true\">\n<p lang=\"es\" dir=\"ltr\">\u00a1Feliz cumplea\u00f1os \u201cGeneral\u201d Bitner! <a href=\"https:\/\/t.co\/P6dEeJvETH\" rel=\"nofollow\">pic.twitter.com\/P6dEeJvETH<\/a><\/p>\n<p>\u2014 Marshall S. Billingslea (@M_S_Billingslea) <a href=\"https:\/\/twitter.com\/M_S_Billingslea\/status\/1969114671731843357?ref_src=twsrc%5Etfw\" rel=\"nofollow noopener\" target=\"_blank\">September 19, 2025<\/a><\/p>\n<\/blockquote>\n<p>Durante dias, ningu\u00e9m soube nada do piloto. A tens\u00e3o terminou a 24 de setembro, quando Villegas reapareceu no programa de televis\u00e3o Con el Mazo Dando, apresentado por Diosdado Cabello, ministro do Interior (equivalente ao ministro da Administra\u00e7\u00e3o Interna em Portugal) e homem de confian\u00e7a de Maduro. Enquanto Cabello ironizava sobre \u201ca impossibilidade de comprar a lealdade das For\u00e7as Armadas venezuelanas\u201d, Villegas manteve-se em sil\u00eancio, fardado e com o punho cerrado <strong>em sinal de fidelidade ao Presidente da Venezuela<\/strong>.<\/p>\n<p>A opera\u00e7\u00e3o de recrutamento acabou, assim, por n\u00e3o ter resultados. L\u00f3pez reformou-se sem ver cumprido o seu objetivo de capturar Maduro. J\u00e1 o Governo venezuelano aproveitou o epis\u00f3dio para refor\u00e7ar a narrativa de que Washington mant\u00e9m uma \u201c<strong>agenda golpista<\/strong>\u201d e uma \u201cpr\u00e1tica sistem\u00e1tica de agress\u00e3o\u201d contra Caracas.<\/p>\n<p>            <script async src=\"https:\/\/platform.twitter.com\/widgets.js\" charset=\"utf-8\"><\/script><\/p>\n","protected":false},"excerpt":{"rendered":"Os Estados Unidos tentaram recrutar o piloto de Nicol\u00e1s Maduro para desviar o avi\u00e3o presidencial e entregar o&hellip;\n","protected":false},"author":2,"featured_media":131663,"comment_status":"","ping_status":"","sticky":false,"template":"","format":"standard","meta":{"footnotes":""},"categories":[8],"tags":[624,27,28,604,623,15,16,14,25,26,21,22,62,8035,12,11336,13,19,20,32,23,24,33,58,17,18,29,30,31,3023],"class_list":{"0":"post-131662","1":"post","2":"type-post","3":"status-publish","4":"format-standard","5":"has-post-thumbnail","7":"category-principais-noticias","8":"tag-amu00e9rica","9":"tag-breaking-news","10":"tag-breakingnews","11":"tag-crime","12":"tag-estados-unidos-da-amu00e9rica","13":"tag-featured-news","14":"tag-featurednews","15":"tag-headlines","16":"tag-latest-news","17":"tag-latestnews","18":"tag-main-news","19":"tag-mainnews","20":"tag-mundo","21":"tag-narcotru00e1fico","22":"tag-news","23":"tag-nicolu00e1s-maduro","24":"tag-noticias","25":"tag-noticias-principais","26":"tag-noticiasprincipais","27":"tag-portugal","28":"tag-principais-noticias","29":"tag-principaisnoticias","30":"tag-pt","31":"tag-sociedade","32":"tag-top-stories","33":"tag-topstories","34":"tag-ultimas","35":"tag-ultimas-noticias","36":"tag-ultimasnoticias","37":"tag-venezuela"},"share_on_mastodon":{"url":"https:\/\/pubeurope.com\/@pt\/115459117896995148","error":""},"_links":{"self":[{"href":"https:\/\/www.europesays.com\/pt\/wp-json\/wp\/v2\/posts\/131662","targetHints":{"allow":["GET"]}}],"collection":[{"href":"https:\/\/www.europesays.com\/pt\/wp-json\/wp\/v2\/posts"}],"about":[{"href":"https:\/\/www.europesays.com\/pt\/wp-json\/wp\/v2\/types\/post"}],"author":[{"embeddable":true,"href":"https:\/\/www.europesays.com\/pt\/wp-json\/wp\/v2\/users\/2"}],"replies":[{"embeddable":true,"href":"https:\/\/www.europesays.com\/pt\/wp-json\/wp\/v2\/comments?post=131662"}],"version-history":[{"count":0,"href":"https:\/\/www.europesays.com\/pt\/wp-json\/wp\/v2\/posts\/131662\/revisions"}],"wp:featuredmedia":[{"embeddable":true,"href":"https:\/\/www.europesays.com\/pt\/wp-json\/wp\/v2\/media\/131663"}],"wp:attachment":[{"href":"https:\/\/www.europesays.com\/pt\/wp-json\/wp\/v2\/media?parent=131662"}],"wp:term":[{"taxonomy":"category","embeddable":true,"href":"https:\/\/www.europesays.com\/pt\/wp-json\/wp\/v2\/categories?post=131662"},{"taxonomy":"post_tag","embeddable":true,"href":"https:\/\/www.europesays.com\/pt\/wp-json\/wp\/v2\/tags?post=131662"}],"curies":[{"name":"wp","href":"https:\/\/api.w.org\/{rel}","templated":true}]}}