{"id":131672,"date":"2025-10-29T19:39:08","date_gmt":"2025-10-29T19:39:08","guid":{"rendered":"https:\/\/www.europesays.com\/pt\/131672\/"},"modified":"2025-10-29T19:39:08","modified_gmt":"2025-10-29T19:39:08","slug":"noelia-revoltada-com-atitude-de-bruno-e-apela-a-sancao-pesada","status":"publish","type":"post","link":"https:\/\/www.europesays.com\/pt\/131672\/","title":{"rendered":"No\u00e9lia &#8220;revoltada&#8221; com atitude de Bruno e apela a &#8220;san\u00e7\u00e3o&#8221; pesada"},"content":{"rendered":"<p>\t\t\t\t\t\t\t\t\t\t\t\t\t\tNo\u00e9lia Pereira ficou conhecida pela participa\u00e7\u00e3o no \u201cBig Brother\u201d, em 2020, na TVI.<\/p>\n<p>A ex-concorrente tem estado atenta ao que acontece na casa do \u201cSecret Story 9\u201d e n\u00e3o se inibiu de comentar a \u00faltima grande pol\u00e9mica: a atitude \u201cagressiva\u201d de Bruno para com Marisa Susana.<\/p>\n<p>Nas redes sociais, No\u00e9lia Pereira insurgiu-se e apelou a uma san\u00e7\u00e3o: <strong>\u201cDesculpem l\u00e1 pelo menos uma nomea\u00e7\u00e3o direta devia levar! N\u00e3o pode haver contacto f\u00edsico sem consentimento. Se at\u00e9 para fazer amor precisa de sinal de consentimento, a Marisa aqui n\u00e3o estava a consentir que ele lhe agarrasse no pesco\u00e7o! Vergonha alheia, vergonha de homens assim!\u201d<\/strong>.<\/p>\n<p>A ex-concorrente explicou: <strong>\u201cOu\u00e7am eu n\u00e3o vi isto e n\u00e3o vi o que se passou a seguir! Ele s\u00f3 ir\u00e1 expulso se a Marisa der \u00eanfase a isto e se a Marisa se queixar. Se ela deixar passar isto, passa. Mas cabe ao povo que v\u00ea n\u00e3o votar para que ele n\u00e3o seja salvo!\u201d<\/strong>.<\/p>\n<p><strong>\u201cContinuem a salvar uma pessoa destas\u2026 continuem\u2026 com a mania que pode tudo!\u201d<\/strong> \u2013 lamentou.<\/p>\n<p>Veja aqui:<\/p>\n<p><img loading=\"lazy\" decoding=\"async\" class=\"alignnone size-full wp-image-647277\" src=\"https:\/\/www.europesays.com\/pt\/wp-content\/uploads\/2025\/10\/comentario-noelia.png\" alt=\"\" width=\"392\" height=\"489\"  \/><\/p>\n","protected":false},"excerpt":{"rendered":"No\u00e9lia Pereira ficou conhecida pela participa\u00e7\u00e3o no \u201cBig Brother\u201d, em 2020, na TVI. A ex-concorrente tem estado atenta&hellip;\n","protected":false},"author":2,"featured_media":131673,"comment_status":"","ping_status":"","sticky":false,"template":"","format":"standard","meta":{"footnotes":""},"categories":[85],"tags":[3768,2632,114,115,19153,29880,32,33,29881,16686,162],"class_list":{"0":"post-131672","1":"post","2":"type-post","3":"status-publish","4":"format-standard","5":"has-post-thumbnail","7":"category-entretenimento","8":"tag-bruno","9":"tag-casa-dos-segredos","10":"tag-entertainment","11":"tag-entretenimento","12":"tag-marisa-susana","13":"tag-nou00e9lia","14":"tag-portugal","15":"tag-pt","16":"tag-sanu00e7u00e3o","17":"tag-secret-story-9","18":"tag-tvi"},"share_on_mastodon":{"url":"https:\/\/pubeurope.com\/@pt\/115459153465074416","error":""},"_links":{"self":[{"href":"https:\/\/www.europesays.com\/pt\/wp-json\/wp\/v2\/posts\/131672","targetHints":{"allow":["GET"]}}],"collection":[{"href":"https:\/\/www.europesays.com\/pt\/wp-json\/wp\/v2\/posts"}],"about":[{"href":"https:\/\/www.europesays.com\/pt\/wp-json\/wp\/v2\/types\/post"}],"author":[{"embeddable":true,"href":"https:\/\/www.europesays.com\/pt\/wp-json\/wp\/v2\/users\/2"}],"replies":[{"embeddable":true,"href":"https:\/\/www.europesays.com\/pt\/wp-json\/wp\/v2\/comments?post=131672"}],"version-history":[{"count":0,"href":"https:\/\/www.europesays.com\/pt\/wp-json\/wp\/v2\/posts\/131672\/revisions"}],"wp:featuredmedia":[{"embeddable":true,"href":"https:\/\/www.europesays.com\/pt\/wp-json\/wp\/v2\/media\/131673"}],"wp:attachment":[{"href":"https:\/\/www.europesays.com\/pt\/wp-json\/wp\/v2\/media?parent=131672"}],"wp:term":[{"taxonomy":"category","embeddable":true,"href":"https:\/\/www.europesays.com\/pt\/wp-json\/wp\/v2\/categories?post=131672"},{"taxonomy":"post_tag","embeddable":true,"href":"https:\/\/www.europesays.com\/pt\/wp-json\/wp\/v2\/tags?post=131672"}],"curies":[{"name":"wp","href":"https:\/\/api.w.org\/{rel}","templated":true}]}}