{"id":131681,"date":"2025-10-29T19:44:24","date_gmt":"2025-10-29T19:44:24","guid":{"rendered":"https:\/\/www.europesays.com\/pt\/131681\/"},"modified":"2025-10-29T19:44:24","modified_gmt":"2025-10-29T19:44:24","slug":"teresa-recorda-pedro-soa-e-critica-atitude-de-bruno-simao","status":"publish","type":"post","link":"https:\/\/www.europesays.com\/pt\/131681\/","title":{"rendered":"Teresa recorda Pedro So\u00e1 e critica atitude de Bruno Sim\u00e3o"},"content":{"rendered":"<p>\t\t\t\t\t\t\t\t\t\t\t\t\t\tA atitude \u201cagressiva\u201d de Bruno Sim\u00e3o para com Marisa Susana est\u00e1 na ordem do dia, na \u201cCasa dos Segredos 9\u201d.<\/p>\n<p>O momento come\u00e7ou com uma provoca\u00e7\u00e3o, acabou mal e o concorrente colocou o bra\u00e7o \u00e0 volta do pesco\u00e7o da \u201crival\u201d, chegando mesmo a mago\u00e1-la, segundo a pr\u00f3pria.<\/p>\n<p>No \u201cDi\u00e1rio\u201d, Teresa Silva n\u00e3o deixou nada por dizer e criticou veemente a atitude do concorrente: <strong>\u201cTeve ali um gesto com ela que para mim era expuls\u00e3o ali logo naquele momento\u201d<\/strong>.<\/p>\n<p>Perante esta interven\u00e7\u00e3o, Nuno Eir\u00f3 sobrep\u00f4s-se para \u201cdesviar\u201d as palavras, mas a comentadora refor\u00e7ou: <strong>\u201cNa minha casa houve algu\u00e9m que veio para cima de mim, de corpo feito, e n\u00e3o me tocou e foi expulso e noutras casas j\u00e1 aconteceu o mesmo\u201d<\/strong>.<\/p>\n<p><strong>\u201cAqui ele agarra-a pelo pesco\u00e7o, que eu n\u00e3o achei piada nenhuma \u00e0quilo\u201d<\/strong>\u00a0\u2013 rematou.<\/p>\n<p><a href=\"https:\/\/x.com\/zer0fuckszgiven\/status\/1983601496035078578\" rel=\"nofollow\">Veja o momento aqui.<\/a><\/p>\n","protected":false},"excerpt":{"rendered":"A atitude \u201cagressiva\u201d de Bruno Sim\u00e3o para com Marisa Susana est\u00e1 na ordem do dia, na \u201cCasa dos&hellip;\n","protected":false},"author":2,"featured_media":131682,"comment_status":"","ping_status":"","sticky":false,"template":"","format":"standard","meta":{"footnotes":""},"categories":[8],"tags":[27,28,3768,2632,15,16,14,25,26,21,22,19153,12,13,19,20,17520,32,23,24,33,29881,16686,18748,17,18,162,29,30,31],"class_list":{"0":"post-131681","1":"post","2":"type-post","3":"status-publish","4":"format-standard","5":"has-post-thumbnail","7":"category-principais-noticias","8":"tag-breaking-news","9":"tag-breakingnews","10":"tag-bruno","11":"tag-casa-dos-segredos","12":"tag-featured-news","13":"tag-featurednews","14":"tag-headlines","15":"tag-latest-news","16":"tag-latestnews","17":"tag-main-news","18":"tag-mainnews","19":"tag-marisa-susana","20":"tag-news","21":"tag-noticias","22":"tag-noticias-principais","23":"tag-noticiasprincipais","24":"tag-polu00e9mica","25":"tag-portugal","26":"tag-principais-noticias","27":"tag-principaisnoticias","28":"tag-pt","29":"tag-sanu00e7u00e3o","30":"tag-secret-story-9","31":"tag-teresa-silva","32":"tag-top-stories","33":"tag-topstories","34":"tag-tvi","35":"tag-ultimas","36":"tag-ultimas-noticias","37":"tag-ultimasnoticias"},"share_on_mastodon":{"url":"https:\/\/pubeurope.com\/@pt\/115459172992009437","error":""},"_links":{"self":[{"href":"https:\/\/www.europesays.com\/pt\/wp-json\/wp\/v2\/posts\/131681","targetHints":{"allow":["GET"]}}],"collection":[{"href":"https:\/\/www.europesays.com\/pt\/wp-json\/wp\/v2\/posts"}],"about":[{"href":"https:\/\/www.europesays.com\/pt\/wp-json\/wp\/v2\/types\/post"}],"author":[{"embeddable":true,"href":"https:\/\/www.europesays.com\/pt\/wp-json\/wp\/v2\/users\/2"}],"replies":[{"embeddable":true,"href":"https:\/\/www.europesays.com\/pt\/wp-json\/wp\/v2\/comments?post=131681"}],"version-history":[{"count":0,"href":"https:\/\/www.europesays.com\/pt\/wp-json\/wp\/v2\/posts\/131681\/revisions"}],"wp:featuredmedia":[{"embeddable":true,"href":"https:\/\/www.europesays.com\/pt\/wp-json\/wp\/v2\/media\/131682"}],"wp:attachment":[{"href":"https:\/\/www.europesays.com\/pt\/wp-json\/wp\/v2\/media?parent=131681"}],"wp:term":[{"taxonomy":"category","embeddable":true,"href":"https:\/\/www.europesays.com\/pt\/wp-json\/wp\/v2\/categories?post=131681"},{"taxonomy":"post_tag","embeddable":true,"href":"https:\/\/www.europesays.com\/pt\/wp-json\/wp\/v2\/tags?post=131681"}],"curies":[{"name":"wp","href":"https:\/\/api.w.org\/{rel}","templated":true}]}}