{"id":131721,"date":"2025-10-29T20:18:16","date_gmt":"2025-10-29T20:18:16","guid":{"rendered":"https:\/\/www.europesays.com\/pt\/131721\/"},"modified":"2025-10-29T20:18:16","modified_gmt":"2025-10-29T20:18:16","slug":"nao-e-uma-normalidade-carneiro-ve-ministra-da-saude-sem-autoridade-politica","status":"publish","type":"post","link":"https:\/\/www.europesays.com\/pt\/131721\/","title":{"rendered":"N\u00e3o \u00e9 uma normalidade&#8221;. Carneiro v\u00ea ministra da Sa\u00fade sem &#8220;autoridade pol\u00edtica"},"content":{"rendered":"<p>                <b>&#8220;No nosso entender, algu\u00e9m devia ter a gentileza de transmitir \u00e0 senhora ministra da Sa\u00fade que n\u00e3o tem condi\u00e7\u00f5es, perdeu a autoridade pol\u00edtica&#8221;<\/b>, afirmou Jos\u00e9 Lu\u00eds Carneiro, numa confer\u00eancia de imprensa na sede do Partido Socialista.<\/p>\n<p>O secret\u00e1rio-geral do PS considerou que \u00e9 o primeiro-ministro que deve ter esse &#8220;di\u00e1logo&#8221; e essa &#8220;gentileza&#8221;, por ser o &#8220;primeiro e \u00faltimo respons\u00e1vel do Governo&#8221;.<\/p>\n<p>          <img decoding=\"async\" itemprop=\"image\" class=\"img-fluid\"   src=\"https:\/\/www.europesays.com\/pt\/wp-content\/uploads\/2025\/10\/06d4feb61f8c675fa4da4c7db24d4424_N.jpg\"\/><\/p>\n<p><b>&#8220;\u00c9 por isso que n\u00f3s temos sublinhado que, por vezes, nos d\u00e1 a impress\u00e3o de que o Governo e o primeiro-ministro ao colocar na agenda pol\u00edtica determinado tipo de temas (&#8230;), mais n\u00e3o est\u00e1 a fazer do que a procurar distrair as aten\u00e7\u00f5es do que \u00e9 vital \u00e0 vida das pessoas&#8221;<\/b>, continuou o l\u00edder socialista, recordando que Servi\u00e7o Nacional de Sa\u00fade \u00e9 um dos &#8220;mais importantes edif\u00edcios de solidariedade humana&#8221;.<\/p>\n<p>Para Carneiro, &#8220;\u00e9 inconceb\u00edvel que as gr\u00e1vidas&#8221; andem de &#8220;terra em terra para poder dar \u00e0 luz&#8221; e os &#8220;n\u00fameros est\u00e3o acima&#8221; do que se registava em anos anteriores.<\/p>\n<p><b>&#8220;Quase que se entrou numa nova normalidade. N\u00e3o \u00e9 uma normalidade&#8221;<\/b>, frisou.<\/p>\n<p>O PS, por isso, n\u00e3o se podia &#8220;calar&#8221;: <b>&#8220;temos de mostrar a nossa profunda indigna\u00e7\u00e3o e o combate pol\u00edtico que daremos em todas as regi\u00f5es deste pa\u00eds, para defender que o Estado e o Governo assuma a prioridade do investimento naquela que \u00e9 a \u00e1rea priorit\u00e1ria na vida dos portugueses&#8221;<\/b>.&#13;\n            <\/p>\n","protected":false},"excerpt":{"rendered":"&#8220;No nosso entender, algu\u00e9m devia ter a gentileza de transmitir \u00e0 senhora ministra da Sa\u00fade que n\u00e3o tem&hellip;\n","protected":false},"author":2,"featured_media":131722,"comment_status":"","ping_status":"","sticky":false,"template":"","format":"standard","meta":{"footnotes":""},"categories":[8],"tags":[27,28,15,16,14,2433,25,26,21,22,5609,12,13,19,20,32,23,24,455,33,117,20545,2649,17,18,29,30,31],"class_list":{"0":"post-131721","1":"post","2":"type-post","3":"status-publish","4":"format-standard","5":"has-post-thumbnail","7":"category-principais-noticias","8":"tag-breaking-news","9":"tag-breakingnews","10":"tag-featured-news","11":"tag-featurednews","12":"tag-headlines","13":"tag-jose-luis-carneiro","14":"tag-latest-news","15":"tag-latestnews","16":"tag-main-news","17":"tag-mainnews","18":"tag-ministra","19":"tag-news","20":"tag-noticias","21":"tag-noticias-principais","22":"tag-noticiasprincipais","23":"tag-portugal","24":"tag-principais-noticias","25":"tag-principaisnoticias","26":"tag-ps","27":"tag-pt","28":"tag-saude","29":"tag-secretario-geral","30":"tag-sns","31":"tag-top-stories","32":"tag-topstories","33":"tag-ultimas","34":"tag-ultimas-noticias","35":"tag-ultimasnoticias"},"share_on_mastodon":{"url":"https:\/\/pubeurope.com\/@pt\/115459306822769356","error":""},"_links":{"self":[{"href":"https:\/\/www.europesays.com\/pt\/wp-json\/wp\/v2\/posts\/131721","targetHints":{"allow":["GET"]}}],"collection":[{"href":"https:\/\/www.europesays.com\/pt\/wp-json\/wp\/v2\/posts"}],"about":[{"href":"https:\/\/www.europesays.com\/pt\/wp-json\/wp\/v2\/types\/post"}],"author":[{"embeddable":true,"href":"https:\/\/www.europesays.com\/pt\/wp-json\/wp\/v2\/users\/2"}],"replies":[{"embeddable":true,"href":"https:\/\/www.europesays.com\/pt\/wp-json\/wp\/v2\/comments?post=131721"}],"version-history":[{"count":0,"href":"https:\/\/www.europesays.com\/pt\/wp-json\/wp\/v2\/posts\/131721\/revisions"}],"wp:featuredmedia":[{"embeddable":true,"href":"https:\/\/www.europesays.com\/pt\/wp-json\/wp\/v2\/media\/131722"}],"wp:attachment":[{"href":"https:\/\/www.europesays.com\/pt\/wp-json\/wp\/v2\/media?parent=131721"}],"wp:term":[{"taxonomy":"category","embeddable":true,"href":"https:\/\/www.europesays.com\/pt\/wp-json\/wp\/v2\/categories?post=131721"},{"taxonomy":"post_tag","embeddable":true,"href":"https:\/\/www.europesays.com\/pt\/wp-json\/wp\/v2\/tags?post=131721"}],"curies":[{"name":"wp","href":"https:\/\/api.w.org\/{rel}","templated":true}]}}