{"id":131727,"date":"2025-10-29T20:28:15","date_gmt":"2025-10-29T20:28:15","guid":{"rendered":"https:\/\/www.europesays.com\/pt\/131727\/"},"modified":"2025-10-29T20:28:15","modified_gmt":"2025-10-29T20:28:15","slug":"as-duas-jovens-bandas-de-rock-representadas-em-filme-de-bruce-springsteen","status":"publish","type":"post","link":"https:\/\/www.europesays.com\/pt\/131727\/","title":{"rendered":"As duas jovens bandas de rock representadas em filme de Bruce Springsteen"},"content":{"rendered":"\n<p><strong>\u201c<a href=\"https:\/\/rollingstone.com.br\/cinema\/springsteen-salve-me-do-desconhecido-critica\/\" target=\"_blank\" rel=\"noreferrer noopener nofollow\">Springsteen: Salve-me do Desconhecido<\/a>\u201d<\/strong>, cinebiografia de <strong><a href=\"https:\/\/igormiranda.com.br\/tag\/bruce-springsteen\/\" target=\"_blank\" rel=\"noreferrer noopener nofollow\">Bruce Springsteen<\/a><\/strong>, chegou aos cinemas internacionalmente na \u00faltima sexta-feira (24). Focado no processo de cria\u00e7\u00e3o do \u00e1lbum <strong>\u201c<a href=\"https:\/\/igormiranda.com.br\/2025\/09\/bruce-springsteen-nebraska-historia\/\" target=\"_blank\" rel=\"noreferrer noopener nofollow\">Nebraska<\/a>\u201d<\/strong> (1982) e nas vulnerabilidades do cantor no per\u00edodo, o longa-metragem dirigido por <strong>Scott Cooper<\/strong> traz implicitamente uma refer\u00eancia a duas jovens bandas de rock.\u00a0<\/p>\n<p>H\u00e1 duas cenas em que o artista protagonista, interpretado por <strong>Jeremy Allen White<\/strong>, vai \u00e0 casa de shows <strong>Stone Pony<\/strong> e toca com o grupo local <strong>Cats on a Smooth Surface<\/strong>. No enredo, o conjunto em quest\u00e3o \u00e9 formado por <strong>Jake Kiszka<\/strong> e <strong>Sam Kiszka<\/strong>, respectivamente guitarrista e baixista do <strong><a href=\"https:\/\/igormiranda.com.br\/tag\/greta-van-fleet\/\" target=\"_blank\" rel=\"noreferrer noopener nofollow\">Greta Van Fleet<\/a><\/strong>, e <strong>Jay Buchanan<\/strong>, vocalista do <strong><a href=\"https:\/\/igormiranda.com.br\/tag\/rival-sons\/\" target=\"_blank\" rel=\"noreferrer noopener nofollow\">Rival Sons<\/a><\/strong>.<\/p>\n<p>&#8211; Advertisement &#8211;<\/p>\n<p><strong>Dave Cobb<\/strong> foi o respons\u00e1vel por colocar os m\u00fasicos na trama. O produtor vencedor do Grammy j\u00e1 havia trabalhado com o Greta Van Fleet no \u00e1lbum <strong>\u201cStarcatcher\u201d<\/strong> (2023) e com o Rival Sons em projetos como <strong>\u201cFeral Roots\u201d<\/strong> (2019). Ao receber a tarefa de cuidar da trilha sonora da cinebiografia, resolveu escal\u00e1-los.<\/p>\n<p>Segundo Jake, a ideia inicial era que a produ\u00e7\u00e3o contasse com uma \u201cbanda jovem e descolada de rock\u201d. Por consequ\u00eancia, o nome dos grupos surgiu em pauta, como explicou \u00e0<a href=\"https:\/\/www.rollingstone.com\/music\/music-features\/springsteen-deliver-me-from-nowhere-greta-van-fleet-1235451123\/\" target=\"_blank\" rel=\"noreferrer noopener nofollow\"> Rolling Stone<\/a>:<\/p>\n<p>\u201cA nossa jornada com este projeto come\u00e7ou por meio de Dave Cobb. Eu estava trabalhando com ele em seu est\u00fadio, o Low Country Sound, em Savannah, Ge\u00f3rgia, quando ele compartilhou o projeto comigo. Scott Cooper, o diretor, estava procurando por uma \u2018banda jovem e descolada de rock \u2018n\u2019 roll\u2019 e sugeriu algum grupo como o Greta Van Fleet. A resposta de Dave foi imediata: \u2018Por que n\u00e3o cham\u00e1-los?\u2019 E assim, de repente, tudo se encaixou.\u201d<\/p>\n<p>A apari\u00e7\u00e3o n\u00e3o ficou restrita somente \u00e0s telas. Todos os m\u00fasicos tamb\u00e9m aparecem creditados nas vers\u00f5es das faixas <strong>\u201cLucille\u201d<\/strong>, <strong>\u201cBoom Boom\u201d<\/strong> e <strong>\u201cI Put A Spell On You\u201d<\/strong>, presentes na trilha sonora.\u00a0<\/p>\n<p>\u201cSpringsteen: Salve-me do Desconhecido\u201d entra em cartaz nos cinemas brasileiros nesta quinta-feira (30). Uma resenha escrita por Igor Miranda pode ser lida na <a href=\"https:\/\/rollingstone.com.br\/cinema\/springsteen-salve-me-do-desconhecido-critica\/\" target=\"_blank\" rel=\"noreferrer noopener nofollow\">Rolling Stone Brasil<\/a>.<\/p>\n<p> Bruce Springsteen e \u201cNebraska\u201d <\/p>\n<p>Lan\u00e7ado em 1982, \u201cNebraska\u201d \u00e9 o sexto \u00e1lbum de est\u00fadio de Bruce Springsteen. O disco marca um rompimento com a tem\u00e1tica esperan\u00e7osa apresentada at\u00e9 ent\u00e3o e traz letras introspectivas, s\u00e9rias e at\u00e9 tristes, muito em decorr\u00eancia da luta do The Boss contra a depress\u00e3o.<\/p>\n<p>Apesar da mudan\u00e7a, \u201cNebraska\u201d se tornou um destaque na discografia de Springsteen. Ainda que j\u00e1 conhecido na \u00e9poca, o artista se tornaria ainda mais popular com <strong>\u201cBorn in the U.S.A.\u201d<\/strong>, \u00e1lbum lan\u00e7ado dois anos depois.<\/p>\n<p><strong>Clique<\/strong> para seguir IgorMiranda.com.br no: <a href=\"https:\/\/instagram.com\/igormirandasite\" target=\"_blank\" rel=\"noreferrer noopener nofollow\">Instagram<\/a> | <a href=\"https:\/\/bsky.app\/profile\/igormirandasite.bsky.social\" target=\"_blank\" rel=\"noreferrer noopener nofollow\">Bluesky<\/a> | <a href=\"https:\/\/twitter.com\/igormirandasite\" target=\"_blank\" rel=\"noreferrer noopener nofollow\">Twitter<\/a> | <a href=\"https:\/\/tiktok.com\/@igormirandasite\" target=\"_blank\" rel=\"noreferrer noopener nofollow\">TikTok<\/a> | <a href=\"https:\/\/facebook.com\/igormirandasite\" target=\"_blank\" rel=\"noreferrer noopener nofollow\">Facebook<\/a> | <a href=\"https:\/\/www.youtube.com\/igormirandasite\" target=\"_blank\" rel=\"noreferrer noopener nofollow\">YouTube<\/a> | <a href=\"https:\/\/www.threads.net\/@igormirandasite\" target=\"_blank\" rel=\"noreferrer noopener nofollow\">Threads<\/a>.<\/p>\n<p> <script async src=\"https:\/\/platform.twitter.com\/widgets.js\" charset=\"utf-8\"><\/script><script async src=\"\/\/www.instagram.com\/embed.js\"><\/script><script async src=\"\/\/www.tiktok.com\/embed.js\"><\/script><\/p>\n","protected":false},"excerpt":{"rendered":"\u201cSpringsteen: Salve-me do Desconhecido\u201d, cinebiografia de Bruce Springsteen, chegou aos cinemas internacionalmente na \u00faltima sexta-feira (24). Focado no&hellip;\n","protected":false},"author":2,"featured_media":131728,"comment_status":"","ping_status":"","sticky":false,"template":"","format":"standard","meta":{"footnotes":""},"categories":[141],"tags":[14571,470,114,115,29897,149,150,32,33,29898,29899],"class_list":{"0":"post-131727","1":"post","2":"type-post","3":"status-publish","4":"format-standard","5":"has-post-thumbnail","7":"category-musica","8":"tag-bruce-springsteen","9":"tag-cinema","10":"tag-entertainment","11":"tag-entretenimento","12":"tag-greta-van-fleet","13":"tag-music","14":"tag-musica","15":"tag-portugal","16":"tag-pt","17":"tag-rival-sons","18":"tag-springsteen-salve-me-do-desconhecido"},"share_on_mastodon":{"url":"https:\/\/pubeurope.com\/@pt\/115459346026315665","error":""},"_links":{"self":[{"href":"https:\/\/www.europesays.com\/pt\/wp-json\/wp\/v2\/posts\/131727","targetHints":{"allow":["GET"]}}],"collection":[{"href":"https:\/\/www.europesays.com\/pt\/wp-json\/wp\/v2\/posts"}],"about":[{"href":"https:\/\/www.europesays.com\/pt\/wp-json\/wp\/v2\/types\/post"}],"author":[{"embeddable":true,"href":"https:\/\/www.europesays.com\/pt\/wp-json\/wp\/v2\/users\/2"}],"replies":[{"embeddable":true,"href":"https:\/\/www.europesays.com\/pt\/wp-json\/wp\/v2\/comments?post=131727"}],"version-history":[{"count":0,"href":"https:\/\/www.europesays.com\/pt\/wp-json\/wp\/v2\/posts\/131727\/revisions"}],"wp:featuredmedia":[{"embeddable":true,"href":"https:\/\/www.europesays.com\/pt\/wp-json\/wp\/v2\/media\/131728"}],"wp:attachment":[{"href":"https:\/\/www.europesays.com\/pt\/wp-json\/wp\/v2\/media?parent=131727"}],"wp:term":[{"taxonomy":"category","embeddable":true,"href":"https:\/\/www.europesays.com\/pt\/wp-json\/wp\/v2\/categories?post=131727"},{"taxonomy":"post_tag","embeddable":true,"href":"https:\/\/www.europesays.com\/pt\/wp-json\/wp\/v2\/tags?post=131727"}],"curies":[{"name":"wp","href":"https:\/\/api.w.org\/{rel}","templated":true}]}}