{"id":131729,"date":"2025-10-29T20:29:09","date_gmt":"2025-10-29T20:29:09","guid":{"rendered":"https:\/\/www.europesays.com\/pt\/131729\/"},"modified":"2025-10-29T20:29:09","modified_gmt":"2025-10-29T20:29:09","slug":"saiba-como-sera-o-documentario-poderosas-do-cerrado-29-10-2025-televisao","status":"publish","type":"post","link":"https:\/\/www.europesays.com\/pt\/131729\/","title":{"rendered":"Saiba como ser\u00e1 o document\u00e1rio &#8216;Poderosas do Cerrado&#8217; &#8211; 29\/10\/2025 &#8211; Televis\u00e3o"},"content":{"rendered":"<p>\n<strong class=\"c-signature__location\">Rio de Janeiro<\/strong>\n<\/p>\n<p>Seis mulheres, seis trajet\u00f3rias e um universo que combina luxo, poder, coragem e resili\u00eancia \u2014longe do eixo Rio-S\u00e3o Paulo. \u00c9 assim que &#8220;Poderosas do Cerrado&#8221;, novo doc-reality da <a href=\"https:\/\/www1.folha.uol.com.br\/folha-topicos\/globo\/\" rel=\"nofollow noopener\" target=\"_blank\">Globo<\/a>, promete jogar luz sobre <a href=\"https:\/\/www1.folha.uol.com.br\/folha-topicos\/goiania\/\" rel=\"nofollow noopener\" target=\"_blank\">Goi\u00e2nia<\/a>, a capital do <a href=\"https:\/\/www1.folha.uol.com.br\/folha-topicos\/agronegocio\/\" rel=\"nofollow noopener\" target=\"_blank\">agroneg\u00f3cio<\/a>, do <a href=\"https:\/\/www1.folha.uol.com.br\/folha-topicos\/sertanejo\/\" rel=\"nofollow noopener\" target=\"_blank\">sertanejo<\/a> e de uma regi\u00e3o que desperta cada vez mais interesse no pa\u00eds. A s\u00e9rie estreia em 29 de outubro, no Globoplay, e tamb\u00e9m ser\u00e1 exibida pelo canal GNT.<\/p>\n","protected":false},"excerpt":{"rendered":"Rio de Janeiro Seis mulheres, seis trajet\u00f3rias e um universo que combina luxo, poder, coragem e resili\u00eancia \u2014longe&hellip;\n","protected":false},"author":2,"featured_media":131730,"comment_status":"","ping_status":"","sticky":false,"template":"","format":"standard","meta":{"footnotes":""},"categories":[140],"tags":[562,29900,219,935,211,223,4291,114,115,224,225,147,148,226,753,4346,15665,29901,221,220,222,213,146,32,33,13850,3962,2566,218,228,227],"class_list":{"0":"post-131729","1":"post","2":"type-post","3":"status-publish","4":"format-standard","5":"has-post-thumbnail","7":"category-filmes","8":"tag-agricultura","9":"tag-agronegcio","10":"tag-bichos","11":"tag-canais-de-tv","12":"tag-celebridades","13":"tag-colunistas","14":"tag-cpi-do-sertanejo","15":"tag-entertainment","16":"tag-entretenimento","17":"tag-estranho","18":"tag-eu-amo","19":"tag-film","20":"tag-filmes","21":"tag-fofices","22":"tag-globo","23":"tag-gnt","24":"tag-gois-estado","25":"tag-goinia","26":"tag-horoscopo","27":"tag-humanos","28":"tag-humor","29":"tag-msica","30":"tag-movies","31":"tag-portugal","32":"tag-pt","33":"tag-regio-centro-oeste","34":"tag-sertanejo","35":"tag-televiso","36":"tag-televisao","37":"tag-tudo","38":"tag-videos"},"share_on_mastodon":{"url":"https:\/\/pubeurope.com\/@pt\/115459350559691157","error":""},"_links":{"self":[{"href":"https:\/\/www.europesays.com\/pt\/wp-json\/wp\/v2\/posts\/131729","targetHints":{"allow":["GET"]}}],"collection":[{"href":"https:\/\/www.europesays.com\/pt\/wp-json\/wp\/v2\/posts"}],"about":[{"href":"https:\/\/www.europesays.com\/pt\/wp-json\/wp\/v2\/types\/post"}],"author":[{"embeddable":true,"href":"https:\/\/www.europesays.com\/pt\/wp-json\/wp\/v2\/users\/2"}],"replies":[{"embeddable":true,"href":"https:\/\/www.europesays.com\/pt\/wp-json\/wp\/v2\/comments?post=131729"}],"version-history":[{"count":0,"href":"https:\/\/www.europesays.com\/pt\/wp-json\/wp\/v2\/posts\/131729\/revisions"}],"wp:featuredmedia":[{"embeddable":true,"href":"https:\/\/www.europesays.com\/pt\/wp-json\/wp\/v2\/media\/131730"}],"wp:attachment":[{"href":"https:\/\/www.europesays.com\/pt\/wp-json\/wp\/v2\/media?parent=131729"}],"wp:term":[{"taxonomy":"category","embeddable":true,"href":"https:\/\/www.europesays.com\/pt\/wp-json\/wp\/v2\/categories?post=131729"},{"taxonomy":"post_tag","embeddable":true,"href":"https:\/\/www.europesays.com\/pt\/wp-json\/wp\/v2\/tags?post=131729"}],"curies":[{"name":"wp","href":"https:\/\/api.w.org\/{rel}","templated":true}]}}