{"id":131739,"date":"2025-10-29T20:34:29","date_gmt":"2025-10-29T20:34:29","guid":{"rendered":"https:\/\/www.europesays.com\/pt\/131739\/"},"modified":"2025-10-29T20:34:29","modified_gmt":"2025-10-29T20:34:29","slug":"juros-nos-creditos-empurram-santander-em-portugal-para-quebra-de-lucros-santander","status":"publish","type":"post","link":"https:\/\/www.europesays.com\/pt\/131739\/","title":{"rendered":"Juros nos cr\u00e9ditos empurram Santander em Portugal para quebra de lucros | Santander"},"content":{"rendered":"<p>O Santander em Portugal continua a marcar um desempenho, a n\u00edvel de lucros, mais negativo em 2025 do que no ano anterior. No conjunto dos primeiros nove meses, o embate da descida das taxas de juro nos cr\u00e9ditos foi o motor, pela negativa, que ofuscou totalmente o comportamento positivo de diversos indicadores, desde o aumento das comiss\u00f5es cobradas aos clientes, a descida do risco e a conten\u00e7\u00e3o dos custos.<\/p>\n<p>A quebra da margem financeira (o indicador que corresponde, principalmente, \u00e0 diferen\u00e7a do que o banco recebe com os juros pagos pelos clientes com cr\u00e9ditos e o que paga aos dep\u00f3sitos ali aplicados) foi de 17%. N\u00e3o havia uma quebra t\u00e3o significativa da margem h\u00e1 mais de uma d\u00e9cada.<\/p>\n<p>Mesmo assim, o que o banco ganha com a diferen\u00e7a entre juros pagos e recebidos continua acima dos mil milh\u00f5es de euros e em linha com a margem dos tr\u00eas primeiros trimestres de 2023 \u2013 o problema \u00e9 mesmo a compara\u00e7\u00e3o com o recorde de 2024. Foi uma quebra superior a 200 milh\u00f5es de euros nesta margem, a principal fonte de receitas dos bancos.<\/p>\n<p>N\u00e3o \u00e9 uma surpresa, tendo em conta os ganhos expressivos que os bancos acumularam nos \u00faltimos anos com os juros em alta; agora que est\u00e3o em queda, a descida de resultados era esperada. Mas tem havido bancos que conseguem conter esse efeito; no caso do Santander, j\u00e1 nos anteriores trimestres tinha havido este desempenho.<\/p>\n<p>Com os juros a cederem nos cr\u00e9ditos (as taxas de juro v\u00e3o-se actualizando \u00e0 medida que chega a maturidade das Euribor indexadas a cada empr\u00e9stimo), e, apesar da limitada remunera\u00e7\u00e3o de dep\u00f3sitos, a margem cede; e s\u00f3 n\u00e3o cedeu mais porque o banco aumentou o volume de cr\u00e9dito. Aumentou em 7% o cr\u00e9dito \u00e0s fam\u00edlias (habita\u00e7\u00e3o e consumo) e em 11% \u00e0s empresas.<\/p>\n<p>Este \u00e9 um embate significativo dos juros que faz com que Portugal tenha tido um dos piores desempenhos, a n\u00edvel de lucros, nos v\u00e1rios pa\u00edses em que o Santander est\u00e1 presente; pior s\u00f3 Brasil e Argentina. No seu todo, o grupo presidido por Ana Bot\u00edn registou um crescimento de 11% do lucro para 10,3 mil milh\u00f5es de euros.<\/p>\n<p>Em Portugal, o lucro do Santander Totta fixou-se em 728,2 milh\u00f5es de euros entre Janeiro e Setembro, menos 6,4% do que no mesmo per\u00edodo do ano passado, de acordo com a nota de imprensa divulgada esta quarta-feira, 29 de Outubro. Os indicadores de rendibilidade recuaram, mas continuam em n\u00edveis elevados, em linha com 2023.<\/p>\n<p>As comiss\u00f5es subiram 6%, os custos cederam 0,4%, as imparidades e provis\u00f5es (dinheiro de lado para eventualidades futuras) foram cinco vezes inferiores: tudo desempenhos que s\u00f3 impediram uma quebra mais intensa do lucro, tal a for\u00e7a da quebra da margem.<\/p>\n<p>Balc\u00f5es fecham e d\u00e3o lugar a maiores ag\u00eancias<\/p>\n<p>O banco n\u00e3o realizou confer\u00eancia de imprensa (s\u00f3 o faz semestralmente), mas Pedro Castro e Almeida, que lidera a institui\u00e7\u00e3o portuguesa, deixa v\u00e1rias cita\u00e7\u00f5es na nota de imprensa e uma delas \u00e9 a apontar para a nova presen\u00e7a f\u00edsica do Santander (<a href=\"https:\/\/www.publico.pt\/2025\/08\/01\/economia\/noticia\/santander-reduz-modifica-balcoes-cidades-portuguesas-2142548\" rel=\"nofollow noopener\" target=\"_blank\">tema que tinha falado j\u00e1 em Agosto<\/a>), que o banco diz fazer parte do novo entendimento do cliente e n\u00e3o uma estrat\u00e9gia de corte de custos.<\/p>\n<p>\u201cEstamos a redefinir o que significa estar pr\u00f3ximo. A proximidade j\u00e1 n\u00e3o se mede em quil\u00f3metros \u2014 mede-se na qualidade da experi\u00eancia\u201d, escreve Pedro Castro e Almeida, o actual presidente executivo cuja sa\u00edda \u00e9 esperada para passar a comandar o risco de todo o grupo (<a href=\"https:\/\/www.publico.pt\/2025\/10\/22\/economia\/noticia\/santander-portugal-preparase-primeira-presidente-mulher-2151799\" rel=\"nofollow noopener\" target=\"_blank\">sendo substitu\u00eddo por Isabel Guerreiro<\/a>).<\/p>\n<p>\u00c9 para a lideran\u00e7a de Isabel Guerreiro, esperada para arrancar no in\u00edcio do pr\u00f3ximo ano, que se prev\u00ea a fus\u00e3o de balc\u00f5es que venham, em seu resultado, a criar ag\u00eancias de maior dimens\u00e3o, conhecidas por Work Caf\u00e9s. O banco prev\u00ea abrir mais 25 destas ag\u00eancias alargadas nos pr\u00f3ximos dois anos, mas continua sem dizer quantos balc\u00f5es ser\u00e3o alvo de fus\u00e3o (com consequente encerramento de um deles). No fim de Setembro, o banco tinha 327 ag\u00eancias, contando com um quadro de 4674 trabalhadores, mais 94 que um ano antes.<\/p>\n","protected":false},"excerpt":{"rendered":"O Santander em Portugal continua a marcar um desempenho, a n\u00edvel de lucros, mais negativo em 2025 do&hellip;\n","protected":false},"author":2,"featured_media":131740,"comment_status":"","ping_status":"","sticky":false,"template":"","format":"standard","meta":{"footnotes":""},"categories":[83],"tags":[475,88,476,89,90,32,33,29322],"class_list":{"0":"post-131739","1":"post","2":"type-post","3":"status-publish","4":"format-standard","5":"has-post-thumbnail","7":"category-empresas","8":"tag-banca","9":"tag-business","10":"tag-economia","11":"tag-economy","12":"tag-empresas","13":"tag-portugal","14":"tag-pt","15":"tag-santander"},"share_on_mastodon":{"url":"https:\/\/pubeurope.com\/@pt\/115459369668499733","error":""},"_links":{"self":[{"href":"https:\/\/www.europesays.com\/pt\/wp-json\/wp\/v2\/posts\/131739","targetHints":{"allow":["GET"]}}],"collection":[{"href":"https:\/\/www.europesays.com\/pt\/wp-json\/wp\/v2\/posts"}],"about":[{"href":"https:\/\/www.europesays.com\/pt\/wp-json\/wp\/v2\/types\/post"}],"author":[{"embeddable":true,"href":"https:\/\/www.europesays.com\/pt\/wp-json\/wp\/v2\/users\/2"}],"replies":[{"embeddable":true,"href":"https:\/\/www.europesays.com\/pt\/wp-json\/wp\/v2\/comments?post=131739"}],"version-history":[{"count":0,"href":"https:\/\/www.europesays.com\/pt\/wp-json\/wp\/v2\/posts\/131739\/revisions"}],"wp:featuredmedia":[{"embeddable":true,"href":"https:\/\/www.europesays.com\/pt\/wp-json\/wp\/v2\/media\/131740"}],"wp:attachment":[{"href":"https:\/\/www.europesays.com\/pt\/wp-json\/wp\/v2\/media?parent=131739"}],"wp:term":[{"taxonomy":"category","embeddable":true,"href":"https:\/\/www.europesays.com\/pt\/wp-json\/wp\/v2\/categories?post=131739"},{"taxonomy":"post_tag","embeddable":true,"href":"https:\/\/www.europesays.com\/pt\/wp-json\/wp\/v2\/tags?post=131739"}],"curies":[{"name":"wp","href":"https:\/\/api.w.org\/{rel}","templated":true}]}}