{"id":131747,"date":"2025-10-29T20:41:34","date_gmt":"2025-10-29T20:41:34","guid":{"rendered":"https:\/\/www.europesays.com\/pt\/131747\/"},"modified":"2025-10-29T20:41:34","modified_gmt":"2025-10-29T20:41:34","slug":"choque-em-secret-story-ha-uma-concorrente-transgenero","status":"publish","type":"post","link":"https:\/\/www.europesays.com\/pt\/131747\/","title":{"rendered":"Choque em &#8220;Secret Story&#8221;: h\u00e1 uma concorrente transg\u00e9nero?"},"content":{"rendered":"<p>&#8220;Dei \u00e0 ci\u00eancia o que o destino ainda n\u00e3o escreveu em troca de um nome que n\u00e3o \u00e9 o meu&#8221;. Esta foi a pista lan\u00e7ada pela Voz e que tem deixado a casa de &#8220;<a href=\"https:\/\/tvi.iol.pt\/secretstory\/\" target=\"_blank\" rel=\"nofollow noopener\">Secret Story<\/a>&#8221; em alvoro\u00e7o nas \u00faltimas horas.<\/p>\n<p>Entre os concorrentes, as teorias multiplicam-se. Por exemplo, no alpendre, em conversa com Ana Cristina e Dylan, Raquel contou uma alegada teoria de Leandro: segundo Raquel, Leandro levantou a hip\u00f3tese de\u00a0<a href=\"https:\/\/selfie.iol.pt\/famosos\/casa-dos-segredos\/sim-esta-mulher-e-a-bruna-de-secret-story-veja-como-esta-irreconhecivel-antes-do-reality-show-da-tvi\/20250927\/68d7ac8fd34e58bc67963fcd\" target=\"_blank\" rel=\"nofollow noopener\">Bruna<\/a> esconder o segredo de ser transg\u00e9nero.<\/p>\n<p>&#8220;Poupem-me!&#8221;, come\u00e7ou por exclamar Dylan. &#8220;Por que motivo dizem isso? Ela tem fei\u00e7\u00f5es completamente femininas. \u00c9 s\u00f3 por n\u00e3o ter peito?&#8221;, acrescentou. &#8220;E v\u00ea-se pelo formato do corpo, ela tem um corpo feminino&#8221;, refor\u00e7ou Raquel, que sublinhou: &#8220;N\u00e3o tem l\u00f3gica.&#8221;<\/p>\n<p>De resto, essa hip\u00f3tese foi igualmente levantada numa <a href=\"https:\/\/selfie.iol.pt\/famosos\/casa-dos-segredos\/secret-story-mariana-e-liliana-falam-sobre-a-aparencia-de-bruna-e-familia-da-concorrente-sai-em-defesa\/20251028\/6900e71cd34ee0c2fed1c5c6\" target=\"_blank\" rel=\"nofollow noopener\">conversa pol\u00e9mica entre Mariana e Liliana<\/a>.<\/p>\n<p>Recorde-se que <a href=\"https:\/\/selfie.iol.pt\/famosos\/casa-dos-segredos\/secret-story-revelado-o-segredo-de-bruna\/20250928\/68d9bc97d34ee0c2fed0a5dd\" target=\"_blank\" rel=\"nofollow noopener\">Bruna j\u00e1 desvendou o respetivo segredo, mas apenas para os espetadores<\/a>. &#8220;Fui diagnosticada com um linfoma&#8221; \u00e9 o enigma que a concorrente est\u00e1 a guardar dos colegas.<\/p>\n<p>Veja, agora, algumas das melhores imagens de Bruna na galeria de fotografias que prepar\u00e1mos para si.<\/p>\n","protected":false},"excerpt":{"rendered":"&#8220;Dei \u00e0 ci\u00eancia o que o destino ainda n\u00e3o escreveu em troca de um nome que n\u00e3o \u00e9&hellip;\n","protected":false},"author":2,"featured_media":131748,"comment_status":"","ping_status":"","sticky":false,"template":"","format":"standard","meta":{"footnotes":""},"categories":[142],"tags":[1997,2632,114,115,980,619,32,33,1014,1315,1012,151,162],"class_list":{"0":"post-131747","1":"post","2":"type-post","3":"status-publish","4":"format-standard","5":"has-post-thumbnail","7":"category-tv","8":"tag-bruna","9":"tag-casa-dos-segredos","10":"tag-entertainment","11":"tag-entretenimento","12":"tag-famosos","13":"tag-nacional","14":"tag-portugal","15":"tag-pt","16":"tag-reality-show","17":"tag-secret-story","18":"tag-selfie","19":"tag-tv","20":"tag-tvi"},"share_on_mastodon":{"url":"https:\/\/pubeurope.com\/@pt\/115459396935636114","error":""},"_links":{"self":[{"href":"https:\/\/www.europesays.com\/pt\/wp-json\/wp\/v2\/posts\/131747","targetHints":{"allow":["GET"]}}],"collection":[{"href":"https:\/\/www.europesays.com\/pt\/wp-json\/wp\/v2\/posts"}],"about":[{"href":"https:\/\/www.europesays.com\/pt\/wp-json\/wp\/v2\/types\/post"}],"author":[{"embeddable":true,"href":"https:\/\/www.europesays.com\/pt\/wp-json\/wp\/v2\/users\/2"}],"replies":[{"embeddable":true,"href":"https:\/\/www.europesays.com\/pt\/wp-json\/wp\/v2\/comments?post=131747"}],"version-history":[{"count":0,"href":"https:\/\/www.europesays.com\/pt\/wp-json\/wp\/v2\/posts\/131747\/revisions"}],"wp:featuredmedia":[{"embeddable":true,"href":"https:\/\/www.europesays.com\/pt\/wp-json\/wp\/v2\/media\/131748"}],"wp:attachment":[{"href":"https:\/\/www.europesays.com\/pt\/wp-json\/wp\/v2\/media?parent=131747"}],"wp:term":[{"taxonomy":"category","embeddable":true,"href":"https:\/\/www.europesays.com\/pt\/wp-json\/wp\/v2\/categories?post=131747"},{"taxonomy":"post_tag","embeddable":true,"href":"https:\/\/www.europesays.com\/pt\/wp-json\/wp\/v2\/tags?post=131747"}],"curies":[{"name":"wp","href":"https:\/\/api.w.org\/{rel}","templated":true}]}}