{"id":131766,"date":"2025-10-29T20:58:10","date_gmt":"2025-10-29T20:58:10","guid":{"rendered":"https:\/\/www.europesays.com\/pt\/131766\/"},"modified":"2025-10-29T20:58:10","modified_gmt":"2025-10-29T20:58:10","slug":"tribunal-de-madrid-da-razao-a-superliga-e-acusa-uefa-e-fifa","status":"publish","type":"post","link":"https:\/\/www.europesays.com\/pt\/131766\/","title":{"rendered":"Tribunal de Madrid d\u00e1 raz\u00e3o \u00e0 Superliga e acusa UEFA e FIFA"},"content":{"rendered":"<p data-end=\"801\" data-start=\"497\">A pol\u00e9mica Superliga voltou a ganhar for\u00e7a em Espanha. Um tribunal de Madrid confirmou esta segunda-feira que a UEFA e a FIFA abusaram da sua posi\u00e7\u00e3o dominante ao impedirem a cria\u00e7\u00e3o da competi\u00e7\u00e3o privada, dando assim raz\u00e3o \u00e0 European Super League Company (ESLC), entidade promotora do projeto.<\/p>\n<p data-end=\"1041\" data-start=\"803\">A decis\u00e3o da Audi\u00eancia Provincial de Madrid segue a linha do Tribunal de Justi\u00e7a da Uni\u00e3o Europeia (TJUE), que em dezembro de 2023 j\u00e1 tinha considerado ilegais as regras que permitiram \u00e0 UEFA e \u00e0 FIFA bloquear a nova competi\u00e7\u00e3o.<\/p>\n<p data-end=\"1041\" data-start=\"803\">\u00abA UEFA e a FIFA atribu\u00edram-se o poder discricion\u00e1rio de impedir clubes de participarem em competi\u00e7\u00f5es alternativas, impondo restri\u00e7\u00f5es injustificadas e desproporcionadas\u00bb, l\u00ea-se na senten\u00e7a, que considera esta conduta contr\u00e1ria ao Tratado sobre o Funcionamento da Uni\u00e3o Europeia (TFUE).<\/p>\n<p data-end=\"1494\" data-start=\"1338\">A decis\u00e3o, sem possibilidade de recurso, obriga as duas entidades que regulam o futebol mundial e europeu acessarem as pr\u00e1ticas anticoncorrenciais\u00bb.<\/p>\n<p data-end=\"1542\" data-start=\"1501\">Apesar do impacto jur\u00eddico, a UEFA reagiu rapidamente, afirmando que a senten\u00e7a \u00abn\u00e3o valida o projeto abandonado da Superliga\u00bb, lan\u00e7ado em 2021 por 12 clubes, entre eles Real Madrid, Barcelona e Atl\u00e9tico de Madrid.<\/p>\n<p data-end=\"1542\" data-start=\"1501\">\u00abA decis\u00e3o n\u00e3o enfraquece as atuais regras de autoriza\u00e7\u00e3o da UEFA, que continuam plenamente em vigor\u00bb, sublinha o organismo, que recorda que o Parlamento Europeu reafirmou recentemente a sua oposi\u00e7\u00e3o \u00e0s competi\u00e7\u00f5es separatistas.<\/p>\n<p data-end=\"2222\" data-start=\"1994\">A UEFA insiste que o modelo europeu continuar\u00e1 \u00abassente no m\u00e9rito desportivo, na solidariedade e na prote\u00e7\u00e3o da pir\u00e2mide do futebol\u00bb, e assegura que as suas regras s\u00e3o \u00abtransparentes, proporcionais e n\u00e3o discriminat\u00f3rias\u00bb<\/p>\n<p data-end=\"2290\" data-start=\"2229\">O Real Madrid, um dos principais defensores da Superliga, recebeu com satisfa\u00e7\u00e3o a decis\u00e3o do tribunal madrileno.<\/p>\n<p data-end=\"2290\" data-start=\"2229\">\u00abEsta decis\u00e3o abre o caminho para reclamar os danos substanciais sofridos pelo clube\u00bb, afirmou o emblema merengue em comunicado, garantindo que vai pedir uma indemniza\u00e7\u00e3o \u00e0 UEFA por \u00abviolar a legisla\u00e7\u00e3o europeia e infringir gravemente as normas de livre concorr\u00eancia\u00bb.<\/p>\n<p data-end=\"2894\" data-start=\"2690\">O clube presidido por Florentino P\u00e9rez acusa ainda a UEFA de n\u00e3o ter apresentado propostas concretas para melhorar a governan\u00e7a do futebol, a sustentabilidade financeira e a experi\u00eancia dos adeptos.<\/p>\n<p data-end=\"2894\" data-start=\"2690\">\u00abAo longo de 2025, mantivemos diversas conversas com a UEFA em busca de solu\u00e7\u00f5es, sem que fosse alcan\u00e7ado qualquer compromisso\u00bb, l\u00ea-se na nota emitida pelo Real Madrid.<\/p>\n<p data-end=\"3124\" data-start=\"3073\">Do outro lado da barricada, Javier Tebas, presidente da LaLiga, reiterou a sua oposi\u00e7\u00e3o ao projeto.<\/p>\n<p data-end=\"3124\" data-start=\"3073\">\u00abEsta senten\u00e7a n\u00e3o representa uma aprova\u00e7\u00e3o da Superliga. Apenas recorda que as normas devem ser aplicadas com transpar\u00eancia e objetividade\u00bb, afirmou, prometendo que a LaLiga continuar\u00e1 a defender \u00abo modelo europeu baseado no m\u00e9rito desportivo, na solidariedade e na sustentabilidade\u00bb.<\/p>\n<p data-end=\"3585\" data-start=\"3532\">O projeto da Superliga foi anunciado em abril de 2021 por 12 clubes de topo, mas colapsou apenas 48 horas depois, na sequ\u00eancia da forte rea\u00e7\u00e3o de adeptos, federa\u00e7\u00f5es e governos.<\/p>\n<p data-end=\"3585\" data-start=\"3532\">Atualmente, apenas Real Madrid, Barcelona e Juventus mant\u00eam apoio declarado \u00e0 iniciativa, atrav\u00e9s da empresa A22 Sports Management.<\/p>\n","protected":false},"excerpt":{"rendered":"A pol\u00e9mica Superliga voltou a ganhar for\u00e7a em Espanha. Um tribunal de Madrid confirmou esta segunda-feira que a&hellip;\n","protected":false},"author":2,"featured_media":131767,"comment_status":"","ping_status":"","sticky":false,"template":"","format":"standard","meta":{"footnotes":""},"categories":[87],"tags":[135,2698,603,46,32,33,47,134,29905,2697],"class_list":{"0":"post-131766","1":"post","2":"type-post","3":"status-publish","4":"format-standard","5":"has-post-thumbnail","7":"category-desporto","8":"tag-desporto","9":"tag-fifa","10":"tag-justica","11":"tag-maisfutebol","12":"tag-portugal","13":"tag-pt","14":"tag-pura-paixao","15":"tag-sports","16":"tag-superliga","17":"tag-uefa"},"share_on_mastodon":{"url":"https:\/\/pubeurope.com\/@pt\/115459463877729315","error":""},"_links":{"self":[{"href":"https:\/\/www.europesays.com\/pt\/wp-json\/wp\/v2\/posts\/131766","targetHints":{"allow":["GET"]}}],"collection":[{"href":"https:\/\/www.europesays.com\/pt\/wp-json\/wp\/v2\/posts"}],"about":[{"href":"https:\/\/www.europesays.com\/pt\/wp-json\/wp\/v2\/types\/post"}],"author":[{"embeddable":true,"href":"https:\/\/www.europesays.com\/pt\/wp-json\/wp\/v2\/users\/2"}],"replies":[{"embeddable":true,"href":"https:\/\/www.europesays.com\/pt\/wp-json\/wp\/v2\/comments?post=131766"}],"version-history":[{"count":0,"href":"https:\/\/www.europesays.com\/pt\/wp-json\/wp\/v2\/posts\/131766\/revisions"}],"wp:featuredmedia":[{"embeddable":true,"href":"https:\/\/www.europesays.com\/pt\/wp-json\/wp\/v2\/media\/131767"}],"wp:attachment":[{"href":"https:\/\/www.europesays.com\/pt\/wp-json\/wp\/v2\/media?parent=131766"}],"wp:term":[{"taxonomy":"category","embeddable":true,"href":"https:\/\/www.europesays.com\/pt\/wp-json\/wp\/v2\/categories?post=131766"},{"taxonomy":"post_tag","embeddable":true,"href":"https:\/\/www.europesays.com\/pt\/wp-json\/wp\/v2\/tags?post=131766"}],"curies":[{"name":"wp","href":"https:\/\/api.w.org\/{rel}","templated":true}]}}