{"id":131768,"date":"2025-10-29T20:59:08","date_gmt":"2025-10-29T20:59:08","guid":{"rendered":"https:\/\/www.europesays.com\/pt\/131768\/"},"modified":"2025-10-29T20:59:08","modified_gmt":"2025-10-29T20:59:08","slug":"consulta-medica-por-ia-saiba-os-riscos","status":"publish","type":"post","link":"https:\/\/www.europesays.com\/pt\/131768\/","title":{"rendered":"Consulta m\u00e9dica por IA: saiba os riscos"},"content":{"rendered":"<p class=\"texto\">O uso da <strong><a href=\"https:\/\/www.em.com.br\/app\/noticia\/saude-e-bem-viver\/2023\/05\/25\/interna_bem_viver,1498626\/inteligencia-artificial-na-saude-saiba-quais-os-beneficios-e-os-cuidados.shtml\" target=\"_blank\" rel=\"nofollow noopener\">intelig\u00eancia artificial<\/a><\/strong> vem crescendo em ritmo acelerado no Brasil. Segundo dados recentes divulgados pela OpenAI, o pa\u00eds est\u00e1 entre os tr\u00eas que mais utilizam o <strong><a href=\"https:\/\/www.em.com.br\/internacional\/2025\/10\/7261158-openai-matriz-do-chatgpt-atinge-avaliacao-recorde-de-uss-500-bilhoes.html\" target=\"_blank\" rel=\"nofollow noopener\">ChatGPT<\/a><\/strong> semanalmente, atr\u00e1s apenas de Estados Unidos e \u00cdndia. Globalmente, os usu\u00e1rios enviam mais de 2 bilh\u00f5es de comandos por dia, sendo 140 milh\u00f5es de mensagens di\u00e1rias apenas no Brasil.<\/p>\n<p class=\"texto\">Em meio a esse cen\u00e1rio, cresce tamb\u00e9m a preocupa\u00e7\u00e3o com o uso indevido da tecnologia para fins m\u00e9dicos, especialmente por pessoas que recorrem a chatbots para \u201cconsultas\u201d ou diagn\u00f3sticos.<\/p>\n<p class=\"texto\">De acordo com Ana Cristina Albricker, coordenadora e professora do curso de medicina do Centro Universit\u00e1rio UniBH e integrante do Ecossistema \u00c2nima &#8211; \u00e9 fundamental compreender que a IA n\u00e3o substitui a consulta m\u00e9dica. \u201cA intelig\u00eancia artificial veio para facilitar muitos processos e chegou para ficar, mas o risco surge quando ela passa a substituir o atendimento profissional. Uma escola de medicina existe justamente para formar m\u00e9dicos preparados para lidar com o ser humano em sua integralidade\u201d, afirma.<\/p>\n<p class=\"texto\">A m\u00e9dica explica ainda que o contato presencial continua sendo o ponto mais importante de qualquer diagn\u00f3stico. \u201cNada substitui a presen\u00e7a do profissional, a conversa, a identifica\u00e7\u00e3o da hist\u00f3ria e das queixas do paciente, al\u00e9m do exame f\u00edsico. Esses elementos s\u00e3o indispens\u00e1veis para uma avalia\u00e7\u00e3o segura\u201d, pontua.<\/p>\n<p class=\"texto\">Entre os riscos mais comuns do uso da IA como ferramenta diagn\u00f3stica, Ana Cristina destaca o erro terap\u00eautico e o agravamento de quadros cl\u00ednicos. \u201cO paciente jamais deve confiar em diagn\u00f3sticos ou receitas prescritas por qualquer IA. Medicamentos e prescri\u00e7\u00f5es s\u00e3o individualizados e s\u00f3 o m\u00e9dico respons\u00e1vel \u00e9 capaz de definir o tratamento adequado, levando em conta as especificidades de cada pessoa\u201d, alerta.<\/p>\n<p class=\"texto\">Ela tamb\u00e9m lembra que as plataformas podem sofrer com falhas e \u2018<strong><a href=\"https:\/\/www.em.com.br\/tecnologia\/2025\/10\/7280512-chatgpt-mente-saiba-o-que-sao-as-alucinacoes-da-inteligencia-artificial.html\" target=\"_blank\" rel=\"nofollow noopener\">alucina\u00e7\u00f5es<\/a><\/strong>\u2019, quando o sistema cria informa\u00e7\u00f5es falsas com apar\u00eancia de verdade. \u201cSe o paciente seguir orienta\u00e7\u00f5es de uma IA sem valida\u00e7\u00e3o m\u00e9dica, h\u00e1 grande risco de seu quadro cl\u00ednico se agravar, especialmente quando o conte\u00fado vem de fontes sem credibilidade\u201d, refor\u00e7a.<\/p>\n<p class=\"texto\">Apesar dos perigos, Ana Cristina reconhece o papel complementar da tecnologia em contextos espec\u00edficos, como nos exames por imagem. \u201cHoje a IA auxilia profissionais imaginologistas a interpretar <strong><a href=\"https:\/\/www.em.com.br\/saude\/2025\/08\/7221592-e-saude-mental-plataforma-usa-ia-para-diagnostico-e-tratamento-entenda.html\" target=\"_blank\" rel=\"nofollow noopener\">diagn\u00f3sticos <\/a><\/strong>complexos, melhorando a qualidade das imagens e oferecendo leituras mais precisas. Nesses casos, ela atua como ferramenta de apoio, nunca como substituta\u201d, explica.<\/p>\n<p class=\"texto\">A m\u00e9dica ressalta que o desafio atual \u00e9 educar a popula\u00e7\u00e3o para diferenciar apoio tecnol\u00f3gico de pr\u00e1tica m\u00e9dica. \u201cA consulta m\u00e9dica \u00e9 insubstitu\u00edvel. As pessoas devem buscar sempre um profissional diante de qualquer problema e entender que a informa\u00e7\u00e3o mais correta vem unicamente dele. A IA \u00e9 uma aliada, mas precisa ser usada com consci\u00eancia e responsabilidade\u201d, afirma.<\/p>\n<p style=\"text-align: center;\"><strong><a href=\"https:\/\/whatsapp.com\/channel\/0029Va8e466AO7RPLL06EL2h\" target=\"_blank\" rel=\"nofollow noopener\">Siga nosso canal no WhatsApp e receba not\u00edcias relevantes para o seu dia<\/a><\/strong><\/p>\n","protected":false},"excerpt":{"rendered":"O uso da intelig\u00eancia artificial vem crescendo em ritmo acelerado no Brasil. Segundo dados recentes divulgados pela OpenAI,&hellip;\n","protected":false},"author":2,"featured_media":131769,"comment_status":"","ping_status":"","sticky":false,"template":"","format":"standard","meta":{"footnotes":""},"categories":[86],"tags":[12955,642,116,29906,32,33,117,110],"class_list":{"0":"post-131768","1":"post","2":"type-post","3":"status-publish","4":"format-standard","5":"has-post-thumbnail","7":"category-saude","8":"tag-chatbots","9":"tag-chatgpt","10":"tag-health","11":"tag-inteligenciaartificial","12":"tag-portugal","13":"tag-pt","14":"tag-saude","15":"tag-tecnologia"},"share_on_mastodon":{"url":"https:\/\/pubeurope.com\/@pt\/115459467701691756","error":""},"_links":{"self":[{"href":"https:\/\/www.europesays.com\/pt\/wp-json\/wp\/v2\/posts\/131768","targetHints":{"allow":["GET"]}}],"collection":[{"href":"https:\/\/www.europesays.com\/pt\/wp-json\/wp\/v2\/posts"}],"about":[{"href":"https:\/\/www.europesays.com\/pt\/wp-json\/wp\/v2\/types\/post"}],"author":[{"embeddable":true,"href":"https:\/\/www.europesays.com\/pt\/wp-json\/wp\/v2\/users\/2"}],"replies":[{"embeddable":true,"href":"https:\/\/www.europesays.com\/pt\/wp-json\/wp\/v2\/comments?post=131768"}],"version-history":[{"count":0,"href":"https:\/\/www.europesays.com\/pt\/wp-json\/wp\/v2\/posts\/131768\/revisions"}],"wp:featuredmedia":[{"embeddable":true,"href":"https:\/\/www.europesays.com\/pt\/wp-json\/wp\/v2\/media\/131769"}],"wp:attachment":[{"href":"https:\/\/www.europesays.com\/pt\/wp-json\/wp\/v2\/media?parent=131768"}],"wp:term":[{"taxonomy":"category","embeddable":true,"href":"https:\/\/www.europesays.com\/pt\/wp-json\/wp\/v2\/categories?post=131768"},{"taxonomy":"post_tag","embeddable":true,"href":"https:\/\/www.europesays.com\/pt\/wp-json\/wp\/v2\/tags?post=131768"}],"curies":[{"name":"wp","href":"https:\/\/api.w.org\/{rel}","templated":true}]}}