{"id":131777,"date":"2025-10-29T21:09:27","date_gmt":"2025-10-29T21:09:27","guid":{"rendered":"https:\/\/www.europesays.com\/pt\/131777\/"},"modified":"2025-10-29T21:09:27","modified_gmt":"2025-10-29T21:09:27","slug":"amizade-de-anos-em-risco-ana-cristina-sobre-raquel-podera-deixar-de-ser-aliada-sim-secret-story","status":"publish","type":"post","link":"https:\/\/www.europesays.com\/pt\/131777\/","title":{"rendered":"Amizade de anos em risco? Ana Cristina sobre Raquel: \u00abPoder\u00e1 deixar de ser aliada, sim\u00bb &#8211; Secret Story"},"content":{"rendered":"<p>No Extra Secret Story 9, assistimos a imagens na \u00edntegra de um momento entre Raquel, Bruna e Dylan a falarem sobre Ana Cristina. Raquel recorda um momento da gala onde escolheu Bruna como aliada e disse \u00e0 amiga para ficar com a Ana. No Especial de ontem, Ana Cristina diz mesmo que Raquel poder\u00e1 deixar de ser a sua aliada. Ana Cristina \u00e9 acusada, ainda, de se diminuir em rela\u00e7\u00e3o a Bruna. Pedro Jorge atesta: &#8220;N\u00e3o precisas de te rebaixar&#8221;.\u00a0<\/p>\n<p><strong>H\u00e1 seis concorrentes em risco de expuls\u00e3o no pr\u00f3ximo domingo:<\/strong><\/p>\n<p>ANA \u2013 761 20 20 01<br \/>BRUNO \u2013 761 20 20 04<br \/>MARIANA \u2013 761 20 20 15<br \/>MARISA \u2013 761 20 20 16<br \/>MARISA SUSANA \u2013 761 20 20 17<br \/>PEDRO \u2013 761 20 20 18<\/p>\n<p><a href=\"https:\/\/tvi.iol.pt\/secretstory\/aominuto\" rel=\"nofollow noopener\" target=\"_blank\">Acompanhe aqui tudo o que se passa na casa ao minuto!<\/a><\/p>\n","protected":false},"excerpt":{"rendered":"No Extra Secret Story 9, assistimos a imagens na \u00edntegra de um momento entre Raquel, Bruna e Dylan&hellip;\n","protected":false},"author":2,"featured_media":131778,"comment_status":"","ping_status":"","sticky":false,"template":"","format":"standard","meta":{"footnotes":""},"categories":[142],"tags":[114,115,19033,19034,32,33,151,19032],"class_list":{"0":"post-131777","1":"post","2":"type-post","3":"status-publish","4":"format-standard","5":"has-post-thumbnail","7":"category-tv","8":"tag-entertainment","9":"tag-entretenimento","10":"tag-galas-em-video","11":"tag-melhores-momentos-casa-dos-segredos","12":"tag-portugal","13":"tag-pt","14":"tag-tv","15":"tag-videos-secret-story-tvi"},"share_on_mastodon":{"url":"https:\/\/pubeurope.com\/@pt\/115459507210772447","error":""},"_links":{"self":[{"href":"https:\/\/www.europesays.com\/pt\/wp-json\/wp\/v2\/posts\/131777","targetHints":{"allow":["GET"]}}],"collection":[{"href":"https:\/\/www.europesays.com\/pt\/wp-json\/wp\/v2\/posts"}],"about":[{"href":"https:\/\/www.europesays.com\/pt\/wp-json\/wp\/v2\/types\/post"}],"author":[{"embeddable":true,"href":"https:\/\/www.europesays.com\/pt\/wp-json\/wp\/v2\/users\/2"}],"replies":[{"embeddable":true,"href":"https:\/\/www.europesays.com\/pt\/wp-json\/wp\/v2\/comments?post=131777"}],"version-history":[{"count":0,"href":"https:\/\/www.europesays.com\/pt\/wp-json\/wp\/v2\/posts\/131777\/revisions"}],"wp:featuredmedia":[{"embeddable":true,"href":"https:\/\/www.europesays.com\/pt\/wp-json\/wp\/v2\/media\/131778"}],"wp:attachment":[{"href":"https:\/\/www.europesays.com\/pt\/wp-json\/wp\/v2\/media?parent=131777"}],"wp:term":[{"taxonomy":"category","embeddable":true,"href":"https:\/\/www.europesays.com\/pt\/wp-json\/wp\/v2\/categories?post=131777"},{"taxonomy":"post_tag","embeddable":true,"href":"https:\/\/www.europesays.com\/pt\/wp-json\/wp\/v2\/tags?post=131777"}],"curies":[{"name":"wp","href":"https:\/\/api.w.org\/{rel}","templated":true}]}}