{"id":131779,"date":"2025-10-29T21:10:07","date_gmt":"2025-10-29T21:10:07","guid":{"rendered":"https:\/\/www.europesays.com\/pt\/131779\/"},"modified":"2025-10-29T21:10:07","modified_gmt":"2025-10-29T21:10:07","slug":"black-veil-brides-cancela-show-no-brasil-e-turne-por-toda-a-america-latina","status":"publish","type":"post","link":"https:\/\/www.europesays.com\/pt\/131779\/","title":{"rendered":"Black Veil Brides cancela show no Brasil e turn\u00ea por toda a Am\u00e9rica Latina"},"content":{"rendered":"\n<p>O <strong>Black Veil Brides<\/strong> cancelou a sua turn\u00ea pela Am\u00e9rica Latina, que incluiria um show no Brasil. A banda seria a principal atra\u00e7\u00e3o do festival <strong>Scream Invasion<\/strong>, em S\u00e3o Paulo, neste domingo (2).<\/p>\n<p>O evento j\u00e1 havia passado por problemas nas \u00faltimas semanas. Primeiro, o Silverstein havia desmarcado sua performance, sendo substitu\u00eddo pelo Gloria. Dias depois, o Underoath tamb\u00e9m suspendeu sua visita, sem outra atra\u00e7\u00e3o entrar no lugar.<\/p>\n<p>&#8211; Advertisement &#8211;<\/p>\n<p>Por conta das altera\u00e7\u00f5es de lineup, o local foi transferido: passou da Vibra, casa com capacidade para aproximadamente 6 mil pessoas, para a Audio, que comporta at\u00e9 3 mil f\u00e3s. Senses Fail e I Set My Friends on Fire completavam a escala\u00e7\u00e3o.<\/p>\n<p>A nota afirma:<\/p>\n<p>\u201cDevido a circunst\u00e2ncias imprevistas, lamentamos anunciar que o restante das datas da nossa turn\u00ea pela Am\u00e9rica Latina ser\u00e1 cancelado. Queremos expressar nossa mais profunda gratid\u00e3o a todos os f\u00e3s da Am\u00e9rica Latina por sua paix\u00e3o e apoio. Prometemos compensar voc\u00eas e esperamos voltar o mais breve poss\u00edvel.\u201d<\/p>\n<p>As realizadoras Gig Music e Hangar 110, em comunicado, informam:<\/p>\n<p>\u201c\u00c9 com um misto de tristeza e indigna\u00e7\u00e3o, que o festival Scream Invasion est\u00e1 cancelado. A banda Black Veil Brides acaba de informar que n\u00e3o vir\u00e1 para os shows da Argentina, Chile e Brasil. N\u00f3s, como compradores do show, fizemos todos os pagamentos e estamos cumprindo todas as exig\u00eancias que solicitaram, e agora estamos esperando a devolu\u00e7\u00e3o de todos os pagamentos que efetuamos para todas as bandas.<\/p>\n<p>Pedimos desculpas para os f\u00e3s, mais uma vez, com a certeza de que fizemos tudo para manter o festival, mesmo com todos os cancelamentos e problemas que nos foram causados. Os reembolsos de compras online e presenciais j\u00e1 est\u00e3o sendo realizados automaticamente da seguinte forma:<\/p>\n<p>\u2022\u2060 \u2060Compras no cart\u00e3o de cr\u00e9dito\/d\u00e9bito online: O estorno aparecer\u00e1 em at\u00e9 duas faturas, dependendo da sua operadora.<br \/>\u2022\u2060 \u2060Compras no pix: O estorno ser\u00e1 feito no mesmo pix que foi efetuado a compra em at\u00e9 5 dias<br \/>\u2022\u2060 Compras cart\u00e3o de cr\u00e9dito\/d\u00e9bito presencial: O estorno ser\u00e1 feito na mesma conta do cart\u00e3o utilizado.<\/p>\n<p>Agradecemos a todos os parceiros envolvidos, casas de shows, fornecedores de som, luz e equipamentos, \u00e0 todos da m\u00eddia que a todo momento esteve conosco ajudando a divulgar e por fim, a todos os f\u00e3s, pela parceria e confian\u00e7a que sempre tiveram conosco.\u201d<\/p>\n<p><strong>Clique<\/strong> para seguir IgorMiranda.com.br no: <a href=\"https:\/\/instagram.com\/igormirandasite\" target=\"_blank\" rel=\"noreferrer noopener nofollow\">Instagram<\/a> | <a href=\"https:\/\/bsky.app\/profile\/igormirandasite.bsky.social\" target=\"_blank\" rel=\"noreferrer noopener nofollow\">Bluesky<\/a> | <a href=\"https:\/\/twitter.com\/igormirandasite\" target=\"_blank\" rel=\"noreferrer noopener nofollow\">Twitter<\/a> | <a href=\"https:\/\/tiktok.com\/@igormirandasite\" target=\"_blank\" rel=\"noreferrer noopener nofollow\">TikTok<\/a> | <a href=\"https:\/\/facebook.com\/igormirandasite\" target=\"_blank\" rel=\"noreferrer noopener nofollow\">Facebook<\/a> | <a href=\"https:\/\/www.youtube.com\/igormirandasite\" target=\"_blank\" rel=\"noreferrer noopener nofollow\">YouTube<\/a> | <a href=\"https:\/\/www.threads.net\/@igormirandasite\" target=\"_blank\" rel=\"noreferrer noopener nofollow\">Threads<\/a>.<\/p>\n<p> <script async src=\"https:\/\/platform.twitter.com\/widgets.js\" charset=\"utf-8\"><\/script><script async src=\"\/\/www.instagram.com\/embed.js\"><\/script><script async src=\"\/\/www.tiktok.com\/embed.js\"><\/script><\/p>\n","protected":false},"excerpt":{"rendered":"O Black Veil Brides cancelou a sua turn\u00ea pela Am\u00e9rica Latina, que incluiria um show no Brasil. A&hellip;\n","protected":false},"author":2,"featured_media":131780,"comment_status":"","ping_status":"","sticky":false,"template":"","format":"standard","meta":{"footnotes":""},"categories":[141],"tags":[29907,114,115,149,150,32,33,9215],"class_list":{"0":"post-131779","1":"post","2":"type-post","3":"status-publish","4":"format-standard","5":"has-post-thumbnail","7":"category-musica","8":"tag-black-veil-brides","9":"tag-entertainment","10":"tag-entretenimento","11":"tag-music","12":"tag-musica","13":"tag-portugal","14":"tag-pt","15":"tag-shows-no-brasil"},"share_on_mastodon":{"url":"https:\/\/pubeurope.com\/@pt\/115459510961792069","error":""},"_links":{"self":[{"href":"https:\/\/www.europesays.com\/pt\/wp-json\/wp\/v2\/posts\/131779","targetHints":{"allow":["GET"]}}],"collection":[{"href":"https:\/\/www.europesays.com\/pt\/wp-json\/wp\/v2\/posts"}],"about":[{"href":"https:\/\/www.europesays.com\/pt\/wp-json\/wp\/v2\/types\/post"}],"author":[{"embeddable":true,"href":"https:\/\/www.europesays.com\/pt\/wp-json\/wp\/v2\/users\/2"}],"replies":[{"embeddable":true,"href":"https:\/\/www.europesays.com\/pt\/wp-json\/wp\/v2\/comments?post=131779"}],"version-history":[{"count":0,"href":"https:\/\/www.europesays.com\/pt\/wp-json\/wp\/v2\/posts\/131779\/revisions"}],"wp:featuredmedia":[{"embeddable":true,"href":"https:\/\/www.europesays.com\/pt\/wp-json\/wp\/v2\/media\/131780"}],"wp:attachment":[{"href":"https:\/\/www.europesays.com\/pt\/wp-json\/wp\/v2\/media?parent=131779"}],"wp:term":[{"taxonomy":"category","embeddable":true,"href":"https:\/\/www.europesays.com\/pt\/wp-json\/wp\/v2\/categories?post=131779"},{"taxonomy":"post_tag","embeddable":true,"href":"https:\/\/www.europesays.com\/pt\/wp-json\/wp\/v2\/tags?post=131779"}],"curies":[{"name":"wp","href":"https:\/\/api.w.org\/{rel}","templated":true}]}}