{"id":131793,"date":"2025-10-29T21:24:11","date_gmt":"2025-10-29T21:24:11","guid":{"rendered":"https:\/\/www.europesays.com\/pt\/131793\/"},"modified":"2025-10-29T21:24:11","modified_gmt":"2025-10-29T21:24:11","slug":"liliana-filipa-mostra-construcao-da-casa-nova-e-ha-um-buraco-no-teto-que-despertou-curiosidade-secret-story","status":"publish","type":"post","link":"https:\/\/www.europesays.com\/pt\/131793\/","title":{"rendered":"Liliana Filipa mostra constru\u00e7\u00e3o da casa nova. E h\u00e1 um \u00abburaco no teto\u00bb que despertou curiosidade &#8211; Secret Story"},"content":{"rendered":"<p><strong>Liliana Filipa e Daniel Greg\u00f3rio\u00a0<\/strong><a href=\"https:\/\/tvi.iol.pt\/secretstory\/liliana-filipa\/daniel-gregorio\/quase-irreconheciveis-liliana-filipa-mostra-foto-nunca-antes-vista-ao-lado-de-daniel-gregorio\" rel=\"nofollow noopener\" target=\"_blank\">conheceram-se na <strong>Casa dos Segredos 5<\/strong><\/a>, em 2014, e est\u00e3o juntos desde ent\u00e3o. 11 anos e dois filhos depois, o casal prepara-se para concretizar mais um sonho de vida: construir de raiz a casa que sempre idealizaram.<\/p>\n<p>Nos stories do Instagram,<a href=\"https:\/\/tvi.iol.pt\/secretstory\/fotos\/liliana-filipa-aproveita-ferias-em-sesimbra-com-familia-e-arrasa-em-fotos-sensuais\/67e8286bd34e3f0bae9c48b9\" rel=\"nofollow noopener\" target=\"_blank\"> Liliana Filipa <\/a>partilhou imagens \u00fanicas da constru\u00e7\u00e3o que est\u00e1 a decorrer, em que mostra aos f\u00e3s alguns detalhes. Houve um que saltou \u00e0 vista: a influencer partilhou a divis\u00e3o que ser\u00e1 a lavandaria&#8230; e tem um buraco no teto. <strong>\u00abEste buraco vai ter uma fun\u00e7\u00e3o importante. Algu\u00e9m adivinha para que vai servir?\u00bb<\/strong>, questionou.\u00a0<\/p>\n<p>Nas mesmas imagens, Liliana Filipa contou aos f\u00e3s que se dirigiu \u00e0 obra para escolher os revestimentos, que em breve vai tamb\u00e9m mostrar.\u00a0<\/p>\n<p><strong>Curioso? Percorra a nossa galeria e veja as primeiras imagens da casa de sonho de Liliana e Daniel.<\/strong><\/p>\n<p>Quase irreconhec\u00edveis. Liliana Filipa mostra foto nunca antes vista ao lado de Daniel Greg\u00f3rio <\/p>\n<p><strong>Liliana Filipa e Daniel Greg\u00f3rio conheceram-se em 2014,<\/strong> quando entraram no<strong> Secret Story &#8211; Casa dos Segredos 5<\/strong>, e foi l\u00e1 que se apaixonaram. A<a href=\"https:\/\/tvi.iol.pt\/secretstory\/liliana-filipa\/daniel-gregorio\/liliana-filipa-abre-o-coracao-sobre-o-pedido-de-casamento-voltei-a-sentir-me-namorada-tivemos-fases-muito-mas\" rel=\"nofollow noopener\" target=\"_blank\"> rela\u00e7\u00e3o dura at\u00e9 aos dias que correm, t\u00eam dois filhos e est\u00e3o noivos.<\/a> Recentemente, a influencer partilhou, nas redes sociais, um tesourinho em que os dois surgem irreconhec\u00edveis, no in\u00edcio da rela\u00e7\u00e3o.<\/p>\n<p>No registo fotogr\u00e1fico,<a href=\"https:\/\/tvi.iol.pt\/secretstory\/daniel-gregorio\/liliana-filipa\/daniel-gregorio-revela-detalhes-do-pedido-de-casamento-a-liliana-filipa-ja-estava-perdido\" rel=\"nofollow noopener\" target=\"_blank\"> tirado pouco tempo depois de <strong>Liliana e Daniel <\/strong>deixarem a casa mais vigiada do pa\u00eds,<\/a> o casalinho surge apaixonado, c\u00famplice, e com os aninhos a menos. <strong>\u00abFotos com mais de dez anos! Os nossos filhos est\u00e3o sempre a ver os \u00e1lbuns\u00bb,<\/strong> escreveu, na legenda da publica\u00e7\u00e3o que fez nos stories.<\/p>\n<p><strong>Veja tudo aqui:<\/strong><\/p>\n<p style=\"text-align:center\"><img loading=\"lazy\" decoding=\"async\" alt=\"\" height=\"672\" src=\"https:\/\/www.europesays.com\/pt\/wp-content\/uploads\/2025\/10\/68da8f77d34e58bc6796500e.webp\" width=\"379\"\/><\/p>\n<p>H\u00e1 um v\u00eddeo de Liliana Filipa que est\u00e1 a fazer tremer a internet! Veja aqui as curvas de que todos falam <\/p>\n<p data-end=\"88\" data-start=\"0\"><a href=\"https:\/\/tvi.iol.pt\/bigbrother\/liliana-filipa\/daniel-gregorio\/coladinhos-abraco-de-liliana-filipa-que-esta-a-fazer-tremer-a-internet\" rel=\"nofollow noopener\" target=\"_blank\"><strong>Liliana Filipa<\/strong><\/a>, ex-concorrente do Secret Story, est\u00e1 a desfrutar de uns dias de descanso em Sesimbra ao lado do noivo, Daniel Greg\u00f3rio, e dos filhos Ariel e Santi.<\/p>\n<p data-end=\"701\" data-start=\"426\">Com uma sensa\u00e7\u00e3o t\u00e9rmica a rondar os 30\u00b0C,<strong> Liliana tem aproveitado o clima quente para posar em biqu\u00edni na piscina de um hotel da regi\u00e3o<\/strong>, arrancando elogios dos seguidores. A influenciadora Liliana Filipa tem partilhado momentos especiais nas redes sociais, dividindo-se entre fotos ternurentas em fam\u00edlia e <strong>imagens ousadas que evidenciam a sua excelente forma f\u00edsica. <\/strong>Veja aqui o v\u00eddeo que est\u00e1 a dar que falar:<\/p>\n<p data-end=\"949\" data-start=\"703\">Al\u00e9m das fotos sensuais, a empres\u00e1ria tamb\u00e9m partilhou registos de momentos de divers\u00e3o com os filhos, mostrando-se completamente entregue ao papel de m\u00e3e. O noivo, Daniel Greg\u00f3rio, tamb\u00e9m tem surgido ao seu lado, refor\u00e7ando a uni\u00e3o da fam\u00edlia.<\/p>\n<p data-end=\"1109\" data-start=\"951\">Conhecida pelo seu estilo e carisma, Liliana Filipa continua a cativar os f\u00e3s, provando que consegue equilibrar a vida familiar e o sucesso nas redes sociais. <a href=\"https:\/\/tvi.iol.pt\/bigbrother\/fotos\/liliana-filipa-aproveita-ferias-em-sesimbra-com-familia-e-arrasa-em-fotos-sensuais\/67e8286bd34e3f0bae9c48b9\" rel=\"nofollow noopener\" target=\"_blank\">Percorra esta galeria com as melhores fotografias das f\u00e9rias do casal rec\u00e9m-noivo.<\/a><\/p>\n<p>Tudo sobre o noivado&#8230; <\/p>\n<p><a href=\"https:\/\/tvi.iol.pt\/bigbrother\/liliana-filipa\/daniel-gregorio\/coladinhos-abraco-de-liliana-filipa-que-esta-a-fazer-tremer-a-internet\" rel=\"nofollow noopener\" target=\"_blank\"><strong>Daniel Greg\u00f3rio<\/strong> e <strong>Liliana Filipa<\/strong><\/a> pararam o pa\u00eds recentemente, ao partilharem nas redes sociais um momento \u00fanico e h\u00e1 muito esperado: um pedido de casamento de sonho, numas f\u00e9rias no Brasil!<\/p>\n<p>No dia 20 de mar\u00e7o de 2025, os dois ex-concorrentes da <strong>Casa dos Segredos<\/strong> estiveram no <strong><a href=\"https:\/\/tvi.iol.pt\/doisas10\/\" target=\"_blank\" rel=\"nofollow noopener\">Dois \u00e0s 10<\/a><\/strong>, para contar tudo a <strong>Cristina Ferreira<\/strong>.<\/p>\n<p><strong>Daniel Greg\u00f3rio<\/strong> revelou alguns detalhes do planeamento do pedido de casamento. <strong>\u00abFui para l\u00e1 a pensar se era capaz\u00bb<\/strong> confessou o empres\u00e1rio, que sentiu algumas dificuldades em escolher o anel de noivado e em planear como ia ser o momento. Passou duas semanas a visitar ourivesarias e a ver todo o tipo de op\u00e7\u00f5es: <strong>\u00abJ\u00e1 estava perdido (&#8230;) As amigas tiveram que ajudar (&#8230;) N\u00e3o foi f\u00e1cil\u00bb<\/strong>.<\/p>\n<p>Daniel contou com a ajuda das amigas de Liliana para organizar tudo, at\u00e9 ao mais pequeno pormenor.<\/p>\n<p>Veja o momento no Dois \u00e0s 10 e saiba como foi todo o processo: <\/p>\n<p><strong>Liliana <\/strong>acabou por abrir o cora\u00e7\u00e3o sobre o pedido de casamento e contou tudo o que sentiu no momento, revelando alguns detalhes do estado em que estava a rela\u00e7\u00e3o: <strong>\u00abNaquele momento senti-me a Liliana namorada. J\u00e1 n\u00e3o me sentia assim h\u00e1 anos (&#8230;) Voltei a sentir-me namorada (&#8230;) tivemos fases muito m\u00e1s. Foi um desafio gigante para n\u00f3s continuarmos juntos\u00bb<\/strong>.<\/p>\n<p>A empres\u00e1ria e influencer explicou que com a maternidade, o casal acabou por n\u00e3o se focar tanto na rela\u00e7\u00e3o, dirigindo toda a aten\u00e7\u00e3o para os filhos. Quando passavam tempo juntos, era como mais e n\u00e3o como namorados. Agora, com o noivado, abriram um novo cap\u00edtulo na rela\u00e7\u00e3o de ambos que os faz sentir mais casal e n\u00e3o s\u00f3 pais. Confessou que j\u00e1 nem conversavam a s\u00f3s, pois t\u00eam sempre os filhos presentes.<\/p>\n<p>Veja toda a conversa aqui: <\/p>\n<p><strong>Veja ainda:\u00a0<a href=\"https:\/\/tvi.iol.pt\/secretstory\/liliana\/fabio\/liliana-e-fabio-nao-sao-caso-unico-recorde-as-historias-de-amor-mais-polemicas-dos-realities-em-portugal\" rel=\"nofollow noopener\" target=\"_blank\">Liliana e F\u00e1bio n\u00e3o s\u00e3o caso \u00fanico: Recorde as hist\u00f3rias de amor mais pol\u00e9micas dos realities em Portugal &#8211; Secret Story &#8211; TVI<\/a><\/strong><\/p>\n","protected":false},"excerpt":{"rendered":"Liliana Filipa e Daniel Greg\u00f3rio\u00a0conheceram-se na Casa dos Segredos 5, em 2014, e est\u00e3o juntos desde ent\u00e3o. 11&hellip;\n","protected":false},"author":2,"featured_media":131794,"comment_status":"","ping_status":"","sticky":false,"template":"","format":"standard","meta":{"footnotes":""},"categories":[142],"tags":[18706,9679,114,115,18705,3436,32,33,151,18704],"class_list":{"0":"post-131793","1":"post","2":"type-post","3":"status-publish","4":"format-standard","5":"has-post-thumbnail","7":"category-tv","8":"tag-bastidores-secret-story","9":"tag-daniel-gregorio","10":"tag-entertainment","11":"tag-entretenimento","12":"tag-entrevistas-concorrentes-tvi","13":"tag-liliana-filipa","14":"tag-portugal","15":"tag-pt","16":"tag-tv","17":"tag-vida-fora-da-casa"},"share_on_mastodon":{"url":"https:\/\/pubeurope.com\/@pt\/115459566150133452","error":""},"_links":{"self":[{"href":"https:\/\/www.europesays.com\/pt\/wp-json\/wp\/v2\/posts\/131793","targetHints":{"allow":["GET"]}}],"collection":[{"href":"https:\/\/www.europesays.com\/pt\/wp-json\/wp\/v2\/posts"}],"about":[{"href":"https:\/\/www.europesays.com\/pt\/wp-json\/wp\/v2\/types\/post"}],"author":[{"embeddable":true,"href":"https:\/\/www.europesays.com\/pt\/wp-json\/wp\/v2\/users\/2"}],"replies":[{"embeddable":true,"href":"https:\/\/www.europesays.com\/pt\/wp-json\/wp\/v2\/comments?post=131793"}],"version-history":[{"count":0,"href":"https:\/\/www.europesays.com\/pt\/wp-json\/wp\/v2\/posts\/131793\/revisions"}],"wp:featuredmedia":[{"embeddable":true,"href":"https:\/\/www.europesays.com\/pt\/wp-json\/wp\/v2\/media\/131794"}],"wp:attachment":[{"href":"https:\/\/www.europesays.com\/pt\/wp-json\/wp\/v2\/media?parent=131793"}],"wp:term":[{"taxonomy":"category","embeddable":true,"href":"https:\/\/www.europesays.com\/pt\/wp-json\/wp\/v2\/categories?post=131793"},{"taxonomy":"post_tag","embeddable":true,"href":"https:\/\/www.europesays.com\/pt\/wp-json\/wp\/v2\/tags?post=131793"}],"curies":[{"name":"wp","href":"https:\/\/api.w.org\/{rel}","templated":true}]}}