{"id":131821,"date":"2025-10-29T22:04:13","date_gmt":"2025-10-29T22:04:13","guid":{"rendered":"https:\/\/www.europesays.com\/pt\/131821\/"},"modified":"2025-10-29T22:04:13","modified_gmt":"2025-10-29T22:04:13","slug":"5-filmes-essenciais-antes-de-o-agente-secreto","status":"publish","type":"post","link":"https:\/\/www.europesays.com\/pt\/131821\/","title":{"rendered":"5 filmes essenciais antes de O Agente Secreto"},"content":{"rendered":"<p>Wagner Moura est\u00e1 prestes a voltar \u00e0s telonas com <a href=\"https:\/\/tangerina.uol.com.br\/filmes-series\/oscar-2026-a-estreia-de-o-agente-secreto-nos-cinemas-brasileiros\/\" target=\"_blank\" rel=\"noreferrer noopener nofollow\">O Agente Secreto<\/a>, novo longa de Kleber Mendon\u00e7a Filho, que chega aos cinemas com grande expectativa ap\u00f3s sua passagem aclamada por festivais. A produ\u00e7\u00e3o marca um momento importante na carreira do ator, que nos \u00faltimos anos alternou entre projetos brasileiros e internacionais, transitando por drama pol\u00edtico, romance, a\u00e7\u00e3o e s\u00e1tira. Para quem quer chegar preparado para a estreia, a <a href=\"https:\/\/tangerina.uol.com.br\/filmes-series\/netflix-quebrou-sua-regra-mais-importante-2025-analise\/\" target=\"_blank\" rel=\"noreferrer noopener nofollow\">Netflix<\/a> tem um cat\u00e1logo s\u00f3lido com alguns dos melhores trabalhos do artista.<\/p>\n<p>Ap\u00f3s a estreia mundial no <a href=\"https:\/\/www.festival-cannes.com\/en\/\" target=\"_blank\" rel=\"noreferrer noopener nofollow\">Festival de Cannes<\/a> em 2025, O Agente Secreto foi aplaudido por mais de 10 minutos, rendendo Melhor Diretor para Kleber Mendon\u00e7a Filho e Melhor Ator para Wagner Moura. A cr\u00edtica especializada destacou a ousadia da abordagem e o longa alcan\u00e7ou 100% de aprova\u00e7\u00e3o no Rotten Tomatoes. Al\u00e9m disso, foi escolhido para representar o Brasil no Oscar 2026 de Melhor Filme Internacional.<\/p>\n<p>Mais do que um astro, Wagner Moura \u00e9 um int\u00e9rprete camale\u00f4nico, capaz de assumir personagens complexos e intensos sem perder a naturalidade. Seja vivendo figuras hist\u00f3ricas, protagonistas atormentados ou homens comuns diante do colapso social, ele refor\u00e7a sua presen\u00e7a em cena com uma sensibilidade rara para equilibrar for\u00e7a e fragilidade. Esses pap\u00e9is ajudam a entender o impacto que sua atua\u00e7\u00e3o em O Agente Secreto j\u00e1 vem gerando antes mesmo da estreia oficial.<\/p>\n<p>A seguir, listamos 5 filmes essenciais com Wagner Moura para assistir na Netflix. Cada um deles evidencia uma faceta diferente do ator e todos ajudam a construir o caminho at\u00e9 a sua performance mais comentada no cinema recente.<\/p>\n<p>1. Guerra Civil (2024)<\/p>\n<li>IMDb: Nota 7\/10<\/li>\n<p>Joel (Wagner Moura) \u00e9 um fotojornalista que percorre os Estados Unidos em plena guerra civil ao lado da jornalista Lee (Kirsten Dunst). O filme acompanha o grupo enquanto registra o colapso institucional e a viol\u00eancia crescente, expondo a linha t\u00eanue entre testemunhar e participar da hist\u00f3ria. \u00c9 um thriller pol\u00edtico intenso e brutal, que usa a perspectiva da imprensa para questionar ideologia, mem\u00f3ria e sobreviv\u00eancia.<\/p>\n<p>2. Sergio (2020)<\/p>\n<li>IMDb: Nota 6,2\/10<\/li>\n<p>Na trama, S\u00e9rgio Vieira de Mello (Wagner Moura) \u00e9 um diplomata da ONU conhecido por sua habilidade em negociar conflitos globais. O longa acompanha seus \u00faltimos anos no Iraque, onde sua miss\u00e3o humanit\u00e1ria se mistura com sua vida pessoal ao lado de Carolina (Ana de Armas). \u00c9 um drama \u00edntimo sobre idealismo, poder e vulnerabilidade.<\/p>\n<p>3. Saneamento B\u00e1sico, O Filme (2007)<\/p>\n<li>IMDb: Nota 7,5\/10<\/li>\n<p>Em uma pequena cidade do interior, Joaquim (Wagner Moura) se junta a moradores locais para tentar conseguir verba para construir um sistema de esgoto. Sem recursos, eles resolvem produzir um filme caseiro para justificar o or\u00e7amento. A s\u00e1tira brinca com a burocracia, o improviso brasileiro e a paix\u00e3o pelo cinema, revelando um lado c\u00f4mico e leve do ator.<\/p>\n<p>4. Cidade Baixa (2005)<\/p>\n<li>IMDb: Nota 6,5\/10<\/li>\n<p>No litoral da Bahia, Naldinho (Wagner Moura) e Deco (L\u00e1zaro Ramos) dividem uma amizade intensa que se transforma quando conhecem Karinna (Alice Braga), uma dan\u00e7arina que passa a fazer parte da vida dos dois. O tri\u00e2ngulo amoroso desencadeia paix\u00e3o, ci\u00fame e viol\u00eancia. O filme \u00e9 cru, corporal e visceral, e marcou a consolida\u00e7\u00e3o dos tr\u00eas atores no cinema nacional.<\/p>\n<p>5. Wasp Network: Rede de Espi\u00f5es (2020)<\/p>\n<li>IMDb: Nota 5,9\/10<\/li>\n<p>Baseado em uma hist\u00f3ria real, Juan Pablo Roque (Wagner Moura) integra um grupo de espi\u00f5es cubanos infiltrados em organiza\u00e7\u00f5es de exilados em Miami nos anos 1990. A trama revela alian\u00e7as, trai\u00e7\u00f5es e opera\u00e7\u00f5es secretas que impactam vidas de ambos os lados. \u00c9 um thriller pol\u00edtico de tens\u00e3o silenciosa e escolhas irrevers\u00edveis.<\/p>\n","protected":false},"excerpt":{"rendered":"Wagner Moura est\u00e1 prestes a voltar \u00e0s telonas com O Agente Secreto, novo longa de Kleber Mendon\u00e7a Filho,&hellip;\n","protected":false},"author":2,"featured_media":131822,"comment_status":"","ping_status":"","sticky":false,"template":"","format":"standard","meta":{"footnotes":""},"categories":[140],"tags":[114,115,147,148,13650,146,716,32,33,12348],"class_list":{"0":"post-131821","1":"post","2":"type-post","3":"status-publish","4":"format-standard","5":"has-post-thumbnail","7":"category-filmes","8":"tag-entertainment","9":"tag-entretenimento","10":"tag-film","11":"tag-filmes","12":"tag-filmes-nacionais","13":"tag-movies","14":"tag-netflix","15":"tag-portugal","16":"tag-pt","17":"tag-wagner-moura"},"share_on_mastodon":{"url":"https:\/\/pubeurope.com\/@pt\/115459723540169295","error":""},"_links":{"self":[{"href":"https:\/\/www.europesays.com\/pt\/wp-json\/wp\/v2\/posts\/131821","targetHints":{"allow":["GET"]}}],"collection":[{"href":"https:\/\/www.europesays.com\/pt\/wp-json\/wp\/v2\/posts"}],"about":[{"href":"https:\/\/www.europesays.com\/pt\/wp-json\/wp\/v2\/types\/post"}],"author":[{"embeddable":true,"href":"https:\/\/www.europesays.com\/pt\/wp-json\/wp\/v2\/users\/2"}],"replies":[{"embeddable":true,"href":"https:\/\/www.europesays.com\/pt\/wp-json\/wp\/v2\/comments?post=131821"}],"version-history":[{"count":0,"href":"https:\/\/www.europesays.com\/pt\/wp-json\/wp\/v2\/posts\/131821\/revisions"}],"wp:featuredmedia":[{"embeddable":true,"href":"https:\/\/www.europesays.com\/pt\/wp-json\/wp\/v2\/media\/131822"}],"wp:attachment":[{"href":"https:\/\/www.europesays.com\/pt\/wp-json\/wp\/v2\/media?parent=131821"}],"wp:term":[{"taxonomy":"category","embeddable":true,"href":"https:\/\/www.europesays.com\/pt\/wp-json\/wp\/v2\/categories?post=131821"},{"taxonomy":"post_tag","embeddable":true,"href":"https:\/\/www.europesays.com\/pt\/wp-json\/wp\/v2\/tags?post=131821"}],"curies":[{"name":"wp","href":"https:\/\/api.w.org\/{rel}","templated":true}]}}