{"id":131831,"date":"2025-10-29T22:10:06","date_gmt":"2025-10-29T22:10:06","guid":{"rendered":"https:\/\/www.europesays.com\/pt\/131831\/"},"modified":"2025-10-29T22:10:06","modified_gmt":"2025-10-29T22:10:06","slug":"como-e-que-baloes-de-contrabando-fecham-o-principal-aeroporto-da-lituania-perguntas-e-respostas","status":"publish","type":"post","link":"https:\/\/www.europesays.com\/pt\/131831\/","title":{"rendered":"Como \u00e9 que bal\u00f5es de contrabando fecham o principal aeroporto da Litu\u00e2nia? | Perguntas e Respostas"},"content":{"rendered":"<p>Bal\u00f5es de contrabando vindos da Bielorr\u00fassia levaram ao encerramento do aeroporto de Vilnius, a capital da Litu\u00e2nia, por quatro noites na semana passada. As autoridades classificaram o incidente como um &#8220;ataque h\u00edbrido&#8221; do aliado do Kremlin. Dezenas de voos foram redireccionados ou cancelados no aeroporto, situado a apena 30 quil\u00f3metros da fronteira com a Bielorr\u00fassia, o que afectou milhares de passageiros.<\/p>\n<p>Em reposta, a Litu\u00e2nia \u2014 Estado-membro da NATO e da Uni\u00e3o Europeia \u2014 fechou a fronteira terrestre com a <a href=\"https:\/\/www.publico.pt\/2025\/10\/27\/mundo\/noticia\/lituania-vai-comecar-abater-baloes-contrabando-bielorrussia-2152251\" rel=\"nofollow noopener\" target=\"_blank\">Bielorr\u00fassia <\/a>at\u00e9 ao final de Novembro e amea\u00e7ou invocar o artigo 4.\u00ba da NATO se estes incidentes continuarem.<\/p>\n<p>        &#13;<\/p>\n<p>&#13;<br \/>\n                &#13;\n            <\/p>\n<p>&#13;<\/p>\n<p>Eis o que se sabe sobre estes bal\u00f5es:<\/p>\n<p>O que s\u00e3o bal\u00f5es de contrabando?<\/p>\n<p>Os bal\u00f5es de alta altitude, cheios de h\u00e9lio ou hidrog\u00e9nio, deslocam-se conforme o vento, mas a altitude pode ser controlada remotamente a partir do solo. S\u00e3o normalmente utilizados por <a href=\"https:\/\/www.publico.pt\/2025\/10\/24\/mundo\/noticia\/lituania-encerra-aeroportos-fronteira-bielorrussia-apos-avistamento-baloes-meteorologicos-2152119\" rel=\"nofollow noopener\" target=\"_blank\">meteorologistas<\/a> para estudar as condi\u00e7\u00f5es atmosf\u00e9ricas na estratosfera, que come\u00e7a aos 15 quil\u00f3metros de altitude.<\/p>\n<p data-end=\"764\" data-start=\"511\">Segundo o Governo de Vilnius, esses bal\u00f5es t\u00eam sido reaproveitados por contrabandistas para transportar cigarros baratos da Bielorr\u00fassia para a Litu\u00e2nia, desde que, em 2021, as restri\u00e7\u00f5es fronteiri\u00e7as terrestres foram refor\u00e7adas na sequ\u00eancia da crise migrat\u00f3ria.<\/p>\n<p>Detectados pela primeira vez em 2023, os bal\u00f5es de contrabando tornaram-se comuns em 2024, quando foram registadas v\u00e1rias centenas de ocorr\u00eancias.<\/p>\n<p>Os bal\u00f5es passam por cima da fronteira a uma altitude de cerca de tr\u00eas a quatro quil\u00f3metros. Os contrabandistas na <a href=\"https:\/\/www.publico.pt\/2025\/10\/23\/mundo\/noticia\/dois-avioes-militares-russos-violaram-brevemente-espaco-aereo-lituania-2151957\" rel=\"nofollow noopener\" target=\"_blank\">Litu\u00e2nia<\/a> podem ent\u00e3o comunicar com eles para localizar a sua posi\u00e7\u00e3o e comandar a aterragem.<\/p>\n<p>Um bal\u00e3o pode transportar entre 500 e 1500 ma\u00e7os de cigarros produzidos bielorrussos, que custam menos de um euro cada, face aos cerca de 4,5 euros na Litu\u00e2nia.<\/p>\n<p>Porque \u00e9 que os bal\u00f5es s\u00e3o um problema?<\/p>\n<p>As autoridades de navega\u00e7\u00e3o a\u00e9rea dizem que os bal\u00f5es voam a uma altura semelhante \u00e0 dos avi\u00f5es quando se aproximam de um aeroporto, o que aumenta o risco de colis\u00e3o.<\/p>\n<p>As regras locais que definem o que constitui um perigo a\u00e9reo foram recentemente actualizadas e os bal\u00f5es fazem agora parte da categoria.<\/p>\n<p>Nos \u00faltimos dias, as autoridades lituanas afinaram os sistemas de detec\u00e7\u00e3o e conseguem agora identificar melhor se as traject\u00f3rias de voo dos bal\u00f5es representam uma amea\u00e7a para a avia\u00e7\u00e3o civil.<\/p>\n<p>O que acontece aos cigarros?<\/p>\n<p>A Litu\u00e2nia afirma que os cigarros de contrabando s\u00e3o normalmente fabricados na Bielorr\u00fassia e muitos s\u00e3o consumidos na Litu\u00e2nia.<\/p>\n<p>A Guarda Fronteiri\u00e7a da Litu\u00e2nia confiscou 1,4 milh\u00f5es de ma\u00e7os de cigarros il\u00edcitos em 2024, dos quais 1,2 milh\u00f5es estavam marcados para venda na Bielorr\u00fassia.<\/p>\n<p>Porque \u00e9 que a Litu\u00e2nia fechou a fronteira com a Bielorr\u00fassia?<\/p>\n<p>O Governo lituano afirma que as autoridades bielorrussas est\u00e3o a contribuir para o problema ao n\u00e3o reprimirem os contrabandistas no seu territ\u00f3rio e considerou a situa\u00e7\u00e3o um &#8220;ataque h\u00edbrido&#8221;.<\/p>\n<p>Qual \u00e9 a posi\u00e7\u00e3o da Bielorr\u00fassia?<\/p>\n<p>&#8220;Se alguns bal\u00f5es de ar com cigarros ou qualquer outra coisa est\u00e3o a voar para l\u00e1 (Litu\u00e2nia), eles t\u00eam de resolver essa quest\u00e3o l\u00e1. N\u00e3o est\u00e3o a voar para o nada, algu\u00e9m os est\u00e1 a receber&#8221;, afirmou o Presidente da Bielorr\u00fassia, <a href=\"https:\/\/www.publico.pt\/2025\/03\/05\/mundo\/noticia\/presidente-bielorrussia-oferecese-acolher-conversacoes-paz-2124763\" rel=\"nofollow noopener\" target=\"_blank\">Alexander Lukashenko<\/a>.<\/p>\n<p>Lukashenko afirmou que o encerramento da fronteira pela Litu\u00e2nia era um &#8220;esquema louco&#8221; e acusou o Ocidente de estar a travar uma <a href=\"https:\/\/www.publico.pt\/2025\/10\/04\/mundo\/noticia\/guerra-encoberta-russia-europa-2149334\" rel=\"nofollow noopener\" target=\"_blank\">guerra h\u00edbrida<\/a> contra a Bielorr\u00fassia e a R\u00fassia, que est\u00e1 a dar in\u00edcio a uma nova era de divis\u00e3o.<\/p>\n<p>        &#13;<\/p>\n<p>&#13;<br \/>\n                &#13;\n            <\/p>\n<p>&#13;<\/p>\n<p>O ministro dos Neg\u00f3cios Estrangeiros bielorrusso, Maxim Ryzhenkov, classificou a iniciativa da Litu\u00e2nia como &#8220;uma provoca\u00e7\u00e3o&#8221;, que, segundo ele, tem como objectivo justificar as san\u00e7\u00f5es contra a Bielorr\u00fassia.<\/p>\n<p>Porque \u00e9 que os bal\u00f5es n\u00e3o s\u00e3o abatidos?<\/p>\n<p>Inicialmente, o Governo lituano afirmou que os avi\u00f5es n\u00e3o estavam a ser abatidos devido ao risco que as cargas, de at\u00e9 50 quilogramas, poderiam representar para a vida ou a propriedade caso ca\u00edssem de forma descontrolada.<\/p>\n<p>Na segunda-feira, no entanto, a primeira-ministra lituana, Inga Ruginiene, disse ao Ex\u00e9rcito para utilizar &#8220;medidas cin\u00e9ticas&#8221; para destruir os bal\u00f5es. A primeira-ministra n\u00e3o explicou quais seriam essas medidas, invocando raz\u00f5es de seguran\u00e7a.<\/p>\n","protected":false},"excerpt":{"rendered":"Bal\u00f5es de contrabando vindos da Bielorr\u00fassia levaram ao encerramento do aeroporto de Vilnius, a capital da Litu\u00e2nia, por&hellip;\n","protected":false},"author":2,"featured_media":131832,"comment_status":"","ping_status":"","sticky":false,"template":"","format":"standard","meta":{"footnotes":""},"categories":[50],"tags":[2870,27,28,15,16,14,25,26,6554,21,22,62,3400,12,13,19,20,23,24,17,18,29,30,31,636,29007,63,64,65],"class_list":{"0":"post-131831","1":"post","2":"type-post","3":"status-publish","4":"format-standard","5":"has-post-thumbnail","7":"category-mundo","8":"tag-bielorrussia","9":"tag-breaking-news","10":"tag-breakingnews","11":"tag-featured-news","12":"tag-featurednews","13":"tag-headlines","14":"tag-latest-news","15":"tag-latestnews","16":"tag-lituania","17":"tag-main-news","18":"tag-mainnews","19":"tag-mundo","20":"tag-nato","21":"tag-news","22":"tag-noticias","23":"tag-noticias-principais","24":"tag-noticiasprincipais","25":"tag-principais-noticias","26":"tag-principaisnoticias","27":"tag-top-stories","28":"tag-topstories","29":"tag-ultimas","30":"tag-ultimas-noticias","31":"tag-ultimasnoticias","32":"tag-uniao-europeia","33":"tag-vilnius","34":"tag-world","35":"tag-world-news","36":"tag-worldnews"},"share_on_mastodon":{"url":"https:\/\/pubeurope.com\/@pt\/115459746968331198","error":""},"_links":{"self":[{"href":"https:\/\/www.europesays.com\/pt\/wp-json\/wp\/v2\/posts\/131831","targetHints":{"allow":["GET"]}}],"collection":[{"href":"https:\/\/www.europesays.com\/pt\/wp-json\/wp\/v2\/posts"}],"about":[{"href":"https:\/\/www.europesays.com\/pt\/wp-json\/wp\/v2\/types\/post"}],"author":[{"embeddable":true,"href":"https:\/\/www.europesays.com\/pt\/wp-json\/wp\/v2\/users\/2"}],"replies":[{"embeddable":true,"href":"https:\/\/www.europesays.com\/pt\/wp-json\/wp\/v2\/comments?post=131831"}],"version-history":[{"count":0,"href":"https:\/\/www.europesays.com\/pt\/wp-json\/wp\/v2\/posts\/131831\/revisions"}],"wp:featuredmedia":[{"embeddable":true,"href":"https:\/\/www.europesays.com\/pt\/wp-json\/wp\/v2\/media\/131832"}],"wp:attachment":[{"href":"https:\/\/www.europesays.com\/pt\/wp-json\/wp\/v2\/media?parent=131831"}],"wp:term":[{"taxonomy":"category","embeddable":true,"href":"https:\/\/www.europesays.com\/pt\/wp-json\/wp\/v2\/categories?post=131831"},{"taxonomy":"post_tag","embeddable":true,"href":"https:\/\/www.europesays.com\/pt\/wp-json\/wp\/v2\/tags?post=131831"}],"curies":[{"name":"wp","href":"https:\/\/api.w.org\/{rel}","templated":true}]}}