{"id":131839,"date":"2025-10-29T22:18:09","date_gmt":"2025-10-29T22:18:09","guid":{"rendered":"https:\/\/www.europesays.com\/pt\/131839\/"},"modified":"2025-10-29T22:18:09","modified_gmt":"2025-10-29T22:18:09","slug":"guerreiras-do-k-pop-5-nomes-perfeitos-para-um-live-action","status":"publish","type":"post","link":"https:\/\/www.europesays.com\/pt\/131839\/","title":{"rendered":"Guerreiras do K-Pop: 5 nomes perfeitos para um live-action"},"content":{"rendered":"<p>Num mundo onde live-actions e sequ\u00eancias se tornaram uma neg\u00f3cio, n\u00e3o seria de se estranhar se \u201c<strong><a href=\"https:\/\/recreio.com.br\/tags\/guerreiras-do-k-pop\" rel=\"nofollow noopener\" target=\"_blank\">Guerreiras do K-Pop<\/a><\/strong>\u201d ganhasse uma vers\u00e3o mais realista devido ao seu estrondoso sucesso. <strong>Maggie Kang<\/strong>, diretora, j\u00e1 descartou a ideia, por\u00e9m n\u00e3o custa sonhar quais seriam os astros perfeitos para cada papel. Veja cinco nomes que poderiam estrelar essa vers\u00e3o.<\/p>\n<p>\t 1. Jennie como Rumi <\/p>\n<p><strong><a href=\"https:\/\/www.instagram.com\/jennierubyjane\/\" rel=\"nofollow noopener\" target=\"_blank\">Jennie<\/a> <\/strong>seria a voz principal das HUNTR\/X. Membro do BLACKPINK \u2013 grupo que o filme se inspirou para criar parte do fen\u00f4meno. Ela j\u00e1 esteve em grandes produ\u00e7\u00f5es, como \u201cThe Idol\u201d, onde viveu Dyanne. Carisma, voz e capacidade de entregar performances como a girlgroup de \u201c<a href=\"https:\/\/pt.wikipedia.org\/wiki\/KPop_Demon_Hunters\" rel=\"nofollow noopener\" target=\"_blank\">Guerreiras do K-Pop<\/a>\u201c? <strong>Jennie<\/strong> tem!<\/p>\n<p> <img loading=\"lazy\" decoding=\"async\" class=\"size-full wp-image-41711 img-fluid lazy\" alt=\"\" width=\"1280\" height=\"720\" src=\"https:\/\/www.europesays.com\/pt\/wp-content\/uploads\/2025\/10\/jennie-cb.jpg\"\/>Jennie em foto de divulga\u00e7\u00e3o para a Columbia Records \u2013 Divulga\u00e7\u00e3o\/ODD ATELIER\/Columbia Records 2. SinB como Mira <\/p>\n<p>Energ\u00e9tica, com atitude e cheia de personalidade: Mira seria interpretada pela idol <strong>SinB<\/strong> (do GFriend e do Viviz). Cantora, dan\u00e7arina e atriz com algumas experi\u00eancias, ela seria uma \u00f3tima escolha para entregar tudo que a mais \u201cbad girl\u201d das HUNTR\/X pede e tem suas express\u00f5es faciais como destaque principal para fazer uma excelente Mira.<\/p>\n<p> <img loading=\"lazy\" decoding=\"async\" class=\"size-full wp-image-56389 img-fluid lazy\" alt=\"SinB seria Mira, parte das HUNTR\/X em &quot;Guerreiras do K-POP&quot; - Divulga\u00e7\u00e3o\/BPM Entertainment\" width=\"1280\" height=\"720\" src=\"https:\/\/www.europesays.com\/pt\/wp-content\/uploads\/2025\/10\/sinb-guerreiras-do-kpop-mira.jpg\"  \/>SinB seria Mira, parte das HUNTR\/X em \u201cGuerreiras do K-POP\u201d \u2013 Divulga\u00e7\u00e3o\/BPM Entertainment 3. Chuu como Zoey <\/p>\n<p>Zoey \u00e9 toda carism\u00e1tica, o cora\u00e7\u00e3o de \u201cGuerreiras do K-Pop\u201d. A personalidade alegre e sem preocupa\u00e7\u00f5es \u00e9 combinada de forma perfeita com a sua bravura para combater dem\u00f4nios. <strong>Chuu<\/strong>, ex-Loona, atriz do dorama \u201cMinha Namorada \u00e9 o Cara\u201d, a idol \u00e9 bem alinhada com a terceira parte das HUNTR\/X.<\/p>\n<p>\t <img loading=\"lazy\" decoding=\"async\" class=\"size-full wp-image-32550 img-fluid lazy\" alt=\"Concept photo de Chuu para o \u00e1lbum 'Howl'\" width=\"1280\" height=\"720\" src=\"https:\/\/www.europesays.com\/pt\/wp-content\/uploads\/2025\/10\/chuu-howl-capa.jpg\"\/>Concept photo de Chuu para o \u00e1lbum \u2018Howl\u2019 \u2013 Divulga\u00e7\u00e3o\/ATRP 4. Cha Eun-woo como Jinu <\/p>\n<p>O gal\u00e3 do longa e paix\u00e3o de Rumi seria <strong>Cha Eun-woo<\/strong>, do boygroup ASTRO. Membro dos Saja Boys, o rapaz \u00e9 galanteador e se torna um her\u00f3i no final da trama. O ator tem um \u00f3timo curr\u00edculo de doramas, como \u201cBeleza Verdadeira\u201d, al\u00e9m de ter uma voz suave e um charme \u00fanico para ser Jinu e se tornar \u201cYour Idol\u201d.<\/p>\n<p> <img loading=\"lazy\" decoding=\"async\" class=\"size-full wp-image-56376 img-fluid lazy\" alt=\"Chan Eunwoo seria um bom Jinu em &quot;Guerreiras do K-Pop&quot; -Reprodu\u00e7\u00e3o\/Divulga\u00e7\u00e3o\" width=\"1280\" height=\"720\" src=\"https:\/\/www.europesays.com\/pt\/wp-content\/uploads\/2025\/10\/chan-eunwoo-guerreiras-do-kpop.jpg\"  \/>Chan Eunwoo seria um bom Jinu em \u201cGuerreiras do K-Pop\u201d -Reprodu\u00e7\u00e3o\/MBC TV 5. Jun Seok-ho como Bobby <\/p>\n<p>Bobby \u00e9, praticamente, o f\u00e3 n\u00famero um das HUNTR\/X. Al\u00e9m de ser gerente delas, tamb\u00e9m \u00e9 amoroso e faz parte da fam\u00edlia em \u201c<a href=\"https:\/\/www.netflix.com\/br\/title\/81498621\" rel=\"nofollow noopener\" target=\"_blank\">Guerreiras do K-Pop<\/a>\u201c. Jun Seok-ho, de \u201cRound 6\u201d, tem uma gama gigantesca de personagens e pode ser uma adi\u00e7\u00e3o fenomenal ao elenco, levando seu carisma e sendo aquele al\u00edvio c\u00f4mico que todo mundo amou na anima\u00e7\u00e3o da Sony Pictures.<\/p>\n<p> <img loading=\"lazy\" decoding=\"async\" class=\"size-full wp-image-56375 img-fluid lazy\" alt=\"Jun Seokho poderia ser o empres\u00e1rio Bobby em &quot;Guerreiras do K-Pop&quot;\" width=\"1280\" height=\"720\" src=\"https:\/\/www.europesays.com\/pt\/wp-content\/uploads\/2025\/10\/jun-seokho-guerreiras-do-kpop.jpg\"  \/>Jun Seokho poderia ser o empres\u00e1rio Bobby em \u201cGuerreiras do K-Pop\u201d \u2013 Divulga\u00e7\u00e3o\/Netflix<\/p>\n<p>\t                                            <script async src=\"\/\/www.instagram.com\/embed.js\"><\/script><\/p>\n","protected":false},"excerpt":{"rendered":"Num mundo onde live-actions e sequ\u00eancias se tornaram uma neg\u00f3cio, n\u00e3o seria de se estranhar se \u201cGuerreiras do&hellip;\n","protected":false},"author":2,"featured_media":131840,"comment_status":"","ping_status":"","sticky":false,"template":"","format":"standard","meta":{"footnotes":""},"categories":[141],"tags":[114,115,471,4550,149,150,716,32,33],"class_list":{"0":"post-131839","1":"post","2":"type-post","3":"status-publish","4":"format-standard","5":"has-post-thumbnail","7":"category-musica","8":"tag-entertainment","9":"tag-entretenimento","10":"tag-filme","11":"tag-guerreiras-do-k-pop","12":"tag-music","13":"tag-musica","14":"tag-netflix","15":"tag-portugal","16":"tag-pt"},"share_on_mastodon":{"url":"https:\/\/pubeurope.com\/@pt\/115459778684820293","error":""},"_links":{"self":[{"href":"https:\/\/www.europesays.com\/pt\/wp-json\/wp\/v2\/posts\/131839","targetHints":{"allow":["GET"]}}],"collection":[{"href":"https:\/\/www.europesays.com\/pt\/wp-json\/wp\/v2\/posts"}],"about":[{"href":"https:\/\/www.europesays.com\/pt\/wp-json\/wp\/v2\/types\/post"}],"author":[{"embeddable":true,"href":"https:\/\/www.europesays.com\/pt\/wp-json\/wp\/v2\/users\/2"}],"replies":[{"embeddable":true,"href":"https:\/\/www.europesays.com\/pt\/wp-json\/wp\/v2\/comments?post=131839"}],"version-history":[{"count":0,"href":"https:\/\/www.europesays.com\/pt\/wp-json\/wp\/v2\/posts\/131839\/revisions"}],"wp:featuredmedia":[{"embeddable":true,"href":"https:\/\/www.europesays.com\/pt\/wp-json\/wp\/v2\/media\/131840"}],"wp:attachment":[{"href":"https:\/\/www.europesays.com\/pt\/wp-json\/wp\/v2\/media?parent=131839"}],"wp:term":[{"taxonomy":"category","embeddable":true,"href":"https:\/\/www.europesays.com\/pt\/wp-json\/wp\/v2\/categories?post=131839"},{"taxonomy":"post_tag","embeddable":true,"href":"https:\/\/www.europesays.com\/pt\/wp-json\/wp\/v2\/tags?post=131839"}],"curies":[{"name":"wp","href":"https:\/\/api.w.org\/{rel}","templated":true}]}}