{"id":131843,"date":"2025-10-29T22:20:12","date_gmt":"2025-10-29T22:20:12","guid":{"rendered":"https:\/\/www.europesays.com\/pt\/131843\/"},"modified":"2025-10-29T22:20:12","modified_gmt":"2025-10-29T22:20:12","slug":"taca-da-liga-sl-benfica","status":"publish","type":"post","link":"https:\/\/www.europesays.com\/pt\/131843\/","title":{"rendered":"Ta\u00e7a da Liga. SL Benfica"},"content":{"rendered":"<p>            <img decoding=\"async\" class=\"mr-1\" src=\"https:\/\/www.europesays.com\/pt\/wp-content\/uploads\/2025\/10\/pulsar-direto-white.gif\" alt=\"pulse-icon\" width=\"15\"\/>Direto<\/p>\n<p>\n      Desporto\n<\/p>\n<p itemprop=\"description\" class=\"article-lead\">\n      O Benfica inicia em casa a defesa da Ta\u00e7a da Liga de futebol, em jogo diante do Tondela, dois meses depois de os dois emblemas terem jogado, tamb\u00e9m no Est\u00e1dio da Luz, para o campeonato, com vit\u00f3ria das \u00e1guias.&#13;<\/p>\n<p>      <img decoding=\"async\" itemprop=\"url\" alt=\"\" class=\"img-fluid\"  src=\"https:\/\/www.europesays.com\/pt\/wp-content\/uploads\/2025\/10\/5abc349aca6af10b916f6a35b977368d\" \/><\/p>\n<p>              Manuel de Almeida &#8211; Lusa&#13;<\/p>\n","protected":false},"excerpt":{"rendered":"Direto Desporto O Benfica inicia em casa a defesa da Ta\u00e7a da Liga de futebol, em jogo diante&hellip;\n","protected":false},"author":2,"featured_media":131844,"comment_status":"","ping_status":"","sticky":false,"template":"","format":"standard","meta":{"footnotes":""},"categories":[87],"tags":[135,13,32,33,420,421,134],"class_list":{"0":"post-131843","1":"post","2":"type-post","3":"status-publish","4":"format-standard","5":"has-post-thumbnail","7":"category-desporto","8":"tag-desporto","9":"tag-noticias","10":"tag-portugal","11":"tag-pt","12":"tag-rtp","13":"tag-rtp-noticias","14":"tag-sports"},"share_on_mastodon":{"url":"https:\/\/pubeurope.com\/@pt\/115459786703013016","error":""},"_links":{"self":[{"href":"https:\/\/www.europesays.com\/pt\/wp-json\/wp\/v2\/posts\/131843","targetHints":{"allow":["GET"]}}],"collection":[{"href":"https:\/\/www.europesays.com\/pt\/wp-json\/wp\/v2\/posts"}],"about":[{"href":"https:\/\/www.europesays.com\/pt\/wp-json\/wp\/v2\/types\/post"}],"author":[{"embeddable":true,"href":"https:\/\/www.europesays.com\/pt\/wp-json\/wp\/v2\/users\/2"}],"replies":[{"embeddable":true,"href":"https:\/\/www.europesays.com\/pt\/wp-json\/wp\/v2\/comments?post=131843"}],"version-history":[{"count":0,"href":"https:\/\/www.europesays.com\/pt\/wp-json\/wp\/v2\/posts\/131843\/revisions"}],"wp:featuredmedia":[{"embeddable":true,"href":"https:\/\/www.europesays.com\/pt\/wp-json\/wp\/v2\/media\/131844"}],"wp:attachment":[{"href":"https:\/\/www.europesays.com\/pt\/wp-json\/wp\/v2\/media?parent=131843"}],"wp:term":[{"taxonomy":"category","embeddable":true,"href":"https:\/\/www.europesays.com\/pt\/wp-json\/wp\/v2\/categories?post=131843"},{"taxonomy":"post_tag","embeddable":true,"href":"https:\/\/www.europesays.com\/pt\/wp-json\/wp\/v2\/tags?post=131843"}],"curies":[{"name":"wp","href":"https:\/\/api.w.org\/{rel}","templated":true}]}}