{"id":131851,"date":"2025-10-29T22:29:11","date_gmt":"2025-10-29T22:29:11","guid":{"rendered":"https:\/\/www.europesays.com\/pt\/131851\/"},"modified":"2025-10-29T22:29:11","modified_gmt":"2025-10-29T22:29:11","slug":"carol-lekker-cria-campanha-para-eliminacao-de-will-guimaraes-e-entrega-panfletos-para-zombar-record","status":"publish","type":"post","link":"https:\/\/www.europesays.com\/pt\/131851\/","title":{"rendered":"Carol Lekker cria campanha para elimina\u00e7\u00e3o de Will Guimar\u00e3es e entrega panfletos para zombar \u2013 Record"},"content":{"rendered":"<p><img decoding=\"async\" data-chromatic=\"ignore\" alt=\"\" class=\"c-image\" loading=\"lazy\" src=\"https:\/\/www.europesays.com\/pt\/wp-content\/uploads\/2025\/10\/GY6Y2RPRBFCFPLBFITU4BG6FNU.png\"  width=\"2116\" height=\"1153\"\/>Carol entregou os panfletinhos at\u00e9 para Will Reprodu\u00e7\u00e3o\/RecordPlus <\/p>\n<p class=\"jarvics:base-text-neutral-high-400 base-text-[calc(theme(fontSize.xs)_*_var(--font-size,_1))] base-font-normal base-font-primary base-text-neutral-low-500 base-text-left\">A rivalidade entre<b> <\/b><a href=\"https:\/\/record.r7.com\/a-fazenda\/a-fazenda-17\/peoes\/carol-lekker\" target=\"_self\" title=\"Carol Lekker\" rel=\"nofollow noopener\"><b>Carol Lekker<\/b><\/a><b> <\/b>e <a href=\"https:\/\/record.r7.com\/a-fazenda\/a-fazenda-17\/peoes\/will-guimaraes\" target=\"_self\" title=\"Will Guimar&#xE3;es\" rel=\"nofollow noopener\"><b>Will Guimar\u00e3es<\/b><\/a> ganhou um novo cap\u00edtulo em <a href=\"https:\/\/record.r7.com\/a-fazenda\/a-fazenda-17\/\" target=\"_self\" rel=\"nofollow noopener\" title=\"https:\/\/record.r7.com\/a-fazenda\/a-fazenda-17\/\"><b>A Fazenda 17<\/b><\/a>! A Miss Bumbum aproveitou que o rival est\u00e1 na Ro\u00e7a para criar uma campanha contra ele. A peoa usou panfletos, fez dancinha e alfinetou o influenciador. Se liga!<\/p>\n<ul class=\"b-article-body__list-unordered\">\n<li><b>Quer ficar por dentro de tudo que est\u00e1 acontecendo em\u00a0<\/b><b>A Fazenda 17<\/b><b>?\u00a0<\/b><a href=\"https:\/\/www.whatsapp.com\/channel\/0029Va2cJIR1noz2ahzX0D1N\" target=\"_blank\" rel=\"noreferrer nofollow noopener\" title=\"https:\/\/www.whatsapp.com\/channel\/0029Va2cJIR1noz2ahzX0D1N\"><b>Clique aqui<\/b><\/a><b>\u00a0e fa\u00e7a parte do nosso canal no WhatsApp!<\/b><\/li>\n<\/ul>\n<p class=\"jarvics:base-text-neutral-high-400 base-text-[calc(theme(fontSize.xs)_*_var(--font-size,_1))] base-font-normal base-font-primary base-text-neutral-low-500 base-text-left\">Nos \u00faltimos dias, uma brincadeira de Carol fez Will ficar bastante irritado, o que gerou treta entre eles. A peoa pediu que o influenciador cheirasse a m\u00e3o dela, e depois falou que tinha passado no bumbum. Ele n\u00e3o curtiu: \u201cNem como mulher voc\u00ea se respeita.\u201d<\/p>\n<p class=\"jarvics:base-text-neutral-high-400 base-text-[calc(theme(fontSize.xs)_*_var(--font-size,_1))] base-font-normal base-font-primary base-text-neutral-low-500 base-text-left\">A briga se estendeu pela semana, at\u00e9 que <a href=\"https:\/\/record.r7.com\/a-fazenda\/a-fazenda-17\/na-tv\/video\/will-e-indicado-a-roca-pela-fazendeira-e-ocupa-o-primeiro-banquinho-a-fazenda-17-29102025\/\" target=\"_self\" rel=\"nofollow noopener\" title=\"https:\/\/record.r7.com\/a-fazenda\/a-fazenda-17\/na-tv\/video\/will-e-indicado-a-roca-pela-fazendeira-e-ocupa-o-primeiro-banquinho-a-fazenda-17-29102025\/\"><b>Will foi mandado para a Ro\u00e7a<\/b><\/a>, sem oportunidade de lutar pelo chap\u00e9u de Fazendeiro. Na tarde desta quarta (29), Carol teve uma ideia: criar a campanha de elimina\u00e7\u00e3o do pe\u00e3o.<\/p>\n<p class=\"jarvics:base-text-neutral-high-400 base-text-[calc(theme(fontSize.xs)_*_var(--font-size,_1))] base-font-normal base-font-primary base-text-neutral-low-500 base-text-left\">Ela aproveitou o tema da briga deles e usou papel higi\u00eanico como panfleto, sujando a superf\u00edcie com cacau em p\u00f3, para simular fezes: \u201cCampanha fora cheira [palavr\u00e3o]! Vote no deputado se quiser eliminar ele [Will]. T\u00e1 ficando perfeito, bem nojentinho!\u201d <\/p>\n<p class=\"jarvics:base-text-neutral-high-400 base-text-[calc(theme(fontSize.xs)_*_var(--font-size,_1))] base-font-normal base-font-primary base-text-neutral-low-500 base-text-left\">Carol criou v\u00e1rios pap\u00e9is e saiu distribuindo pela sede: \u201cPosso deixar um papelzinho com voc\u00eas, queridos? Esse papel se trata da campanha cheira [palavr\u00e3o]! Eu sou vereadora e estou promovendo nosso deputado! A campanha \u00e9 vote em cheira [palavr\u00e3o], se voc\u00ea quer eliminar.\u201d<\/p>\n<p class=\"jarvics:base-text-neutral-high-400 base-text-[calc(theme(fontSize.xs)_*_var(--font-size,_1))] base-font-normal base-font-primary base-text-neutral-low-500 base-text-left\">Ela entregou os panfletos at\u00e9 para Will, que ignorou. As amigas dele tamb\u00e9m reviraram os olhos. Carol criou uma coregrafia e mostrou os dedos sujos de chocolate para a galera.<\/p>\n<p class=\"jarvics:base-text-neutral-high-400 base-text-[calc(theme(fontSize.xs)_*_var(--font-size,_1))] base-font-normal base-font-primary base-text-neutral-low-500 base-text-left\">Em seguida, ela entrou no personagem de rep\u00f3rter que estava cobrindo a elei\u00e7\u00e3o. E saiu entrevistando todo mundo sobre a campanha que criou.<\/p>\n<p><b>Se liga:<\/b><\/p>\n<p class=\"jarvics:base-text-neutral-high-400 base-text-[calc(theme(fontSize.xs)_*_var(--font-size,_1))] base-font-normal base-font-primary base-text-neutral-low-500 base-text-left\">Fique ligado! <a href=\"https:\/\/record.r7.com\/a-fazenda\/a-fazenda-17\/\" rel=\"nofollow noopener\" title=\"https:\/\/record.r7.com\/a-fazenda\/a-fazenda-17\/\" target=\"_blank\"><b>A Fazenda 17<\/b><\/a> vai ao ar de segunda a domingo, \u00e0s 22h30, na tela da <a href=\"https:\/\/record.r7.com\/\" rel=\"nofollow noopener\" target=\"_blank\"><b>RECORD<\/b><\/a>. Assine o <a href=\"https:\/\/www.recordplus.com\/home\" rel=\"nofollow noopener\" title=\"https:\/\/www.recordplus.com\/home\" target=\"_blank\"><b>RecordPlus<\/b><\/a> e tenha acesso \u00e0s c\u00e2meras 24 horas.<\/p>\n<p><b>\u00c1gua na cara, cuspida, banho de creme e muito mais! Relembre as maiores tretas de <\/b><b>A Fazenda 17<\/b><\/p>\n<p class=\"jarvics:base-text-neutral-high-400 base-text-[calc(theme(fontSize.xxs)_*_var(--font-size,_1))] base-font-semibold base-font-primary base-text-neutral-low-500 base-text-left\">Com mais de um m\u00eas no ar, A Fazenda 17 acumula uma s\u00e9rie de embates pesados. Pelos mais variados motivos, o elenco bomb\u00e1stico provou que sabe bem como armar um bom barraco e ningu\u00e9m saiu ileso. J\u00e1 rolou \u00e1gua na cara, guerra de cosm\u00e9ticos, cuspidas e muito mais; relembre!<\/p>\n","protected":false},"excerpt":{"rendered":"Carol entregou os panfletinhos at\u00e9 para Will Reprodu\u00e7\u00e3o\/RecordPlus A rivalidade entre Carol Lekker e Will Guimar\u00e3es ganhou um&hellip;\n","protected":false},"author":2,"featured_media":131852,"comment_status":"","ping_status":"","sticky":false,"template":"","format":"standard","meta":{"footnotes":""},"categories":[145],"tags":[657,21355,211,210,114,115,32,33,23015],"class_list":{"0":"post-131851","1":"post","2":"type-post","3":"status-publish","4":"format-standard","5":"has-post-thumbnail","7":"category-celebridades","8":"tag-a-fazenda","9":"tag-carol-lekker","10":"tag-celebridades","11":"tag-celebrities","12":"tag-entertainment","13":"tag-entretenimento","14":"tag-portugal","15":"tag-pt","16":"tag-will-guimaraes"},"share_on_mastodon":{"url":"https:\/\/pubeurope.com\/@pt\/115459821795180129","error":""},"_links":{"self":[{"href":"https:\/\/www.europesays.com\/pt\/wp-json\/wp\/v2\/posts\/131851","targetHints":{"allow":["GET"]}}],"collection":[{"href":"https:\/\/www.europesays.com\/pt\/wp-json\/wp\/v2\/posts"}],"about":[{"href":"https:\/\/www.europesays.com\/pt\/wp-json\/wp\/v2\/types\/post"}],"author":[{"embeddable":true,"href":"https:\/\/www.europesays.com\/pt\/wp-json\/wp\/v2\/users\/2"}],"replies":[{"embeddable":true,"href":"https:\/\/www.europesays.com\/pt\/wp-json\/wp\/v2\/comments?post=131851"}],"version-history":[{"count":0,"href":"https:\/\/www.europesays.com\/pt\/wp-json\/wp\/v2\/posts\/131851\/revisions"}],"wp:featuredmedia":[{"embeddable":true,"href":"https:\/\/www.europesays.com\/pt\/wp-json\/wp\/v2\/media\/131852"}],"wp:attachment":[{"href":"https:\/\/www.europesays.com\/pt\/wp-json\/wp\/v2\/media?parent=131851"}],"wp:term":[{"taxonomy":"category","embeddable":true,"href":"https:\/\/www.europesays.com\/pt\/wp-json\/wp\/v2\/categories?post=131851"},{"taxonomy":"post_tag","embeddable":true,"href":"https:\/\/www.europesays.com\/pt\/wp-json\/wp\/v2\/tags?post=131851"}],"curies":[{"name":"wp","href":"https:\/\/api.w.org\/{rel}","templated":true}]}}