{"id":131859,"date":"2025-10-29T22:37:14","date_gmt":"2025-10-29T22:37:14","guid":{"rendered":"https:\/\/www.europesays.com\/pt\/131859\/"},"modified":"2025-10-29T22:37:14","modified_gmt":"2025-10-29T22:37:14","slug":"acabou-namoro-ines-morais-com-pedrinho-pode-ter-chegado-ao-fim","status":"publish","type":"post","link":"https:\/\/www.europesays.com\/pt\/131859\/","title":{"rendered":"Acabou?! Namoro In\u00eas Morais com Pedrinho pode ter chegado ao fim"},"content":{"rendered":"<p>\t\t\t\t\t\t\t\t\t\t\t\t<a href=\"#\" onclick=\"window.open('http:\/\/www.facebook.com\/sharer.php?u=https:\/\/cusquices.com\/acabou-namoro-ines-morais-com-pedrinho-pode-ter-chegado-ao-fim\/&amp;t=Acabou?! Namoro In\u00eas Morais com Pedrinho pode ter chegado ao fim', 'facebookShare', 'width=626,height=436'); return false;\" title=\"Share on Facebook\"><\/p>\n<p>Share<\/p>\n<p><\/a><br \/>\n\t\t\t\t\t\t\t\t\t\t\t\t<a href=\"#\" onclick=\"window.open('http:\/\/twitter.com\/share?text=Acabou?! Namoro In\u00eas Morais com Pedrinho pode ter chegado ao fim -&amp;url=https:\/\/cusquices.com\/acabou-namoro-ines-morais-com-pedrinho-pode-ter-chegado-ao-fim\/', 'twitterShare', 'width=626,height=436'); return false;\" title=\"Tweet This Post\"><\/p>\n<p>Tweet<\/p>\n<p><\/a><br \/>\n\t\t\t\t\t\t\t\t\t\t\t\t<a href=\"whatsapp:\/\/send?text=Acabou?! Namoro In\u00eas Morais com Pedrinho pode ter chegado ao fim https:\/\/cusquices.com\/acabou-namoro-ines-morais-com-pedrinho-pode-ter-chegado-ao-fim\/\" rel=\"nofollow\"><\/p>\n<p>Share<\/p>\n<p><\/a><br \/>\n\t\t\t\t\t\t\t\t\t\t\t\t<a href=\"#\" onclick=\"window.open('http:\/\/pinterest.com\/pin\/create\/button\/?url=https:\/\/cusquices.com\/acabou-namoro-ines-morais-com-pedrinho-pode-ter-chegado-ao-fim\/&amp;media=https:\/\/cusquices.com\/wp-content\/uploads\/2025\/03\/inesmorais-pedrinho-1000x600.png&amp;description=Acabou?! Namoro In\u00eas Morais com Pedrinho pode ter chegado ao fim', 'pinterestShare', 'width=750,height=350'); return false;\" title=\"Pin This Post\"><\/p>\n<p>Share<\/p>\n<p><\/a><br \/>\n\t\t\t\t\t\t\t\t\t\t\t\t<a href=\"mailto:?subject=Acabou?! Namoro In\u00eas Morais com Pedrinho pode ter chegado ao fim&amp;BODY=I found this article interesting and thought of sharing it with you. Check it out: https:\/\/cusquices.com\/acabou-namoro-ines-morais-com-pedrinho-pode-ter-chegado-ao-fim\/\"><\/p>\n<p>Email<\/p>\n<p><\/a><br \/>\n\t\t\t\t\t\t\t\t\t\t\t\t\t\t\t\t\t\t\t\t\t\t\t\t\t\t\t\t\t\t\t\t\t\t\t\t\t\t\t\t\t\t\t\t\t\t\t\t\t\t\t\t\t<a href=\"https:\/\/cusquices.com\/acabou-namoro-ines-morais-com-pedrinho-pode-ter-chegado-ao-fim\/#respond\" rel=\"nofollow noopener\" target=\"_blank\"><\/p>\n<p>In\u00eas Morais est\u00e1 novamente solteira.<\/p>\n<p>O relacionamento de <strong>In\u00eas Morais<\/strong>, bi-campe\u00e3 dos reality shows e atual comentadora da TVI, com Pedrinho pode ter chegado ao fim. A not\u00edcia foi avan\u00e7ada pela <strong>TV Guia<\/strong>, que revela que o namoro terminou h\u00e1 cerca de um m\u00eas e a dist\u00e2ncia pode ter sido o potencial motivo para o fim do relacionamento.<\/p>\n<p>Segundo a revista, n\u00e3o h\u00e1 rancores, nem discuss\u00f5es, simplesmente a rela\u00e7\u00e3o come\u00e7ou a esfriar com a dist\u00e2ncia, e o casal decidiu terminar o relacionamento. Recorde-se que Pedrinho, est\u00e1 na Su\u00ed\u00e7a e In\u00eas chegou a fazer-lhe uma visita depois de terminar o <strong>Desafio Final.<\/strong><\/p>\n<p><strong>\u201cEla gostava muito dele, mas o namoro come\u00e7ou a esfriar com a dist\u00e2ncia, ent\u00e3o decidiram acabar. J\u00e1 n\u00e3o est\u00e3o juntos h\u00e1 mais de um m\u00eas\u201d,<\/strong> revelou um amigo do casal \u00e0 revista.<\/p>\n<p>\t\t\t\t\t\t\t\t\t\t\t\t\t\t\t\t\t\t\t\t\t\t\t\t\t<img decoding=\"async\" src=\"https:\/\/www.europesays.com\/pt\/wp-content\/uploads\/2025\/10\/cusquices-logo-52x.png\" class=\"webpexpress-processed\"\/><\/p>\n<p>\t\t\t\t\t\t\t\t\t\t\t\t\t\t\t\t\t\t\t\t\t            \t\t\t\t\t\t\t\t\t\t\t\t\t\t\t\t\t\t\t\t\t\t\t\t\t\t\t\t\t\t\t\t\t\t\t\t\t\t\t<script async src=\"https:\/\/platform.twitter.com\/widgets.js\" charset=\"utf-8\"><\/script><\/p>\n","protected":false},"excerpt":{"rendered":"Share Tweet Share Share Email In\u00eas Morais est\u00e1 novamente solteira. O relacionamento de In\u00eas Morais, bi-campe\u00e3 dos reality&hellip;\n","protected":false},"author":2,"featured_media":131860,"comment_status":"","ping_status":"","sticky":false,"template":"","format":"standard","meta":{"footnotes":""},"categories":[85],"tags":[49,114,115,980,6520,32,33],"class_list":{"0":"post-131859","1":"post","2":"type-post","3":"status-publish","4":"format-standard","5":"has-post-thumbnail","7":"category-entretenimento","8":"tag-destaques","9":"tag-entertainment","10":"tag-entretenimento","11":"tag-famosos","12":"tag-ines-morais","13":"tag-portugal","14":"tag-pt"},"share_on_mastodon":{"url":"https:\/\/pubeurope.com\/@pt\/115459853181096238","error":""},"_links":{"self":[{"href":"https:\/\/www.europesays.com\/pt\/wp-json\/wp\/v2\/posts\/131859","targetHints":{"allow":["GET"]}}],"collection":[{"href":"https:\/\/www.europesays.com\/pt\/wp-json\/wp\/v2\/posts"}],"about":[{"href":"https:\/\/www.europesays.com\/pt\/wp-json\/wp\/v2\/types\/post"}],"author":[{"embeddable":true,"href":"https:\/\/www.europesays.com\/pt\/wp-json\/wp\/v2\/users\/2"}],"replies":[{"embeddable":true,"href":"https:\/\/www.europesays.com\/pt\/wp-json\/wp\/v2\/comments?post=131859"}],"version-history":[{"count":0,"href":"https:\/\/www.europesays.com\/pt\/wp-json\/wp\/v2\/posts\/131859\/revisions"}],"wp:featuredmedia":[{"embeddable":true,"href":"https:\/\/www.europesays.com\/pt\/wp-json\/wp\/v2\/media\/131860"}],"wp:attachment":[{"href":"https:\/\/www.europesays.com\/pt\/wp-json\/wp\/v2\/media?parent=131859"}],"wp:term":[{"taxonomy":"category","embeddable":true,"href":"https:\/\/www.europesays.com\/pt\/wp-json\/wp\/v2\/categories?post=131859"},{"taxonomy":"post_tag","embeddable":true,"href":"https:\/\/www.europesays.com\/pt\/wp-json\/wp\/v2\/tags?post=131859"}],"curies":[{"name":"wp","href":"https:\/\/api.w.org\/{rel}","templated":true}]}}