{"id":131862,"date":"2025-10-29T22:47:13","date_gmt":"2025-10-29T22:47:13","guid":{"rendered":"https:\/\/www.europesays.com\/pt\/131862\/"},"modified":"2025-10-29T22:47:13","modified_gmt":"2025-10-29T22:47:13","slug":"marisa-susana-e-bruno-entram-em-novo-confronto-e-cristina-ferreira-intervem-mas-porque-e-que-vai-buscar-situacoes-secret-story","status":"publish","type":"post","link":"https:\/\/www.europesays.com\/pt\/131862\/","title":{"rendered":"Marisa Susana e Bruno entram em novo confronto e Cristina Ferreira interv\u00e9m: \u00abMas porque \u00e9 que vai buscar situa\u00e7\u00f5es?\u00bb &#8211; Secret Story"},"content":{"rendered":"<p>No Secret Story 9, um tenso confronto entre Marisa Susana e Bruno por causa da farinha tem dado muito que falar. No Especial desta segunda-feira, os intervenientes tiveram a oportunidade de falar sobre o tema. Cristina Ferreira viu-se obrigada a intervir no debate. Veja tudo.\u00a0<\/p>\n<p>H\u00e1 seis concorrentes em risco de expuls\u00e3o no pr\u00f3ximo domingo:<\/p>\n<p>ANA \u2013 761 20 20 01<br \/>BRUNO \u2013 761 20 20 04<br \/>MARIANA \u2013 761 20 20 15<br \/>MARISA \u2013 761 20 20 16<br \/>MARISA SUSANA \u2013 761 20 20 17<br \/>PEDRO \u2013 761 20 20 18<\/p>\n<p><a href=\"https:\/\/tvi.iol.pt\/secretstory\/aominuto\" rel=\"nofollow noopener\" target=\"_blank\">Acompanhe aqui tudo o que se passa na casa ao minuto!<\/a><\/p>\n","protected":false},"excerpt":{"rendered":"No Secret Story 9, um tenso confronto entre Marisa Susana e Bruno por causa da farinha tem dado&hellip;\n","protected":false},"author":2,"featured_media":131863,"comment_status":"","ping_status":"","sticky":false,"template":"","format":"standard","meta":{"footnotes":""},"categories":[142],"tags":[19374,19373,114,115,19153,14646,19375,32,33,151],"class_list":{"0":"post-131862","1":"post","2":"type-post","3":"status-publish","4":"format-standard","5":"has-post-thumbnail","7":"category-tv","8":"tag-confrontos-concorrentes","9":"tag-discussoes-secret-story","10":"tag-entertainment","11":"tag-entretenimento","12":"tag-marisa-susana","13":"tag-pedro","14":"tag-polemicas","15":"tag-portugal","16":"tag-pt","17":"tag-tv"},"share_on_mastodon":{"url":"https:\/\/pubeurope.com\/@pt\/115459892373380945","error":""},"_links":{"self":[{"href":"https:\/\/www.europesays.com\/pt\/wp-json\/wp\/v2\/posts\/131862","targetHints":{"allow":["GET"]}}],"collection":[{"href":"https:\/\/www.europesays.com\/pt\/wp-json\/wp\/v2\/posts"}],"about":[{"href":"https:\/\/www.europesays.com\/pt\/wp-json\/wp\/v2\/types\/post"}],"author":[{"embeddable":true,"href":"https:\/\/www.europesays.com\/pt\/wp-json\/wp\/v2\/users\/2"}],"replies":[{"embeddable":true,"href":"https:\/\/www.europesays.com\/pt\/wp-json\/wp\/v2\/comments?post=131862"}],"version-history":[{"count":0,"href":"https:\/\/www.europesays.com\/pt\/wp-json\/wp\/v2\/posts\/131862\/revisions"}],"wp:featuredmedia":[{"embeddable":true,"href":"https:\/\/www.europesays.com\/pt\/wp-json\/wp\/v2\/media\/131863"}],"wp:attachment":[{"href":"https:\/\/www.europesays.com\/pt\/wp-json\/wp\/v2\/media?parent=131862"}],"wp:term":[{"taxonomy":"category","embeddable":true,"href":"https:\/\/www.europesays.com\/pt\/wp-json\/wp\/v2\/categories?post=131862"},{"taxonomy":"post_tag","embeddable":true,"href":"https:\/\/www.europesays.com\/pt\/wp-json\/wp\/v2\/tags?post=131862"}],"curies":[{"name":"wp","href":"https:\/\/api.w.org\/{rel}","templated":true}]}}