{"id":131866,"date":"2025-10-29T22:50:07","date_gmt":"2025-10-29T22:50:07","guid":{"rendered":"https:\/\/www.europesays.com\/pt\/131866\/"},"modified":"2025-10-29T22:50:07","modified_gmt":"2025-10-29T22:50:07","slug":"video-goncalo-franco-marca-golo-monumental-ao-manchester-city","status":"publish","type":"post","link":"https:\/\/www.europesays.com\/pt\/131866\/","title":{"rendered":"V\u00cdDEO: Gon\u00e7alo Franco marca golo monumental ao Manchester City"},"content":{"rendered":"<p>Gon\u00e7alo Franco assinou um gola\u00e7o na rece\u00e7\u00e3o do Swansea ao Manchester City, em jogo a contar para a Ta\u00e7a da Liga inglesa.<\/p>\n<p>O m\u00e9dio da equipa do Championship, ex-Leix\u00f5es e Moreirense, recebeu a bola fora da \u00e1rea e, da meia lua, atirou forte e colocado ao \u00e2ngulo superior esquerdo da baliza defendida nesta quarta-feira por James Trafford.<\/p>\n<p><strong>Um golo que promete correr o mundo:<\/strong><\/p>\n<blockquote class=\"twitter-tweet\" data-media-max-width=\"560\">\n<p lang=\"pt\">Gon\u00e7alo Franco com um gola\u00e7o frente ao Manchester City \ud83e\udd24<a href=\"https:\/\/twitter.com\/hashtag\/sporttvportugal?src=hash&amp;ref_src=twsrc%5Etfw\" rel=\"nofollow noopener\" target=\"_blank\">#sporttvportugal<\/a> <a href=\"https:\/\/twitter.com\/hashtag\/CARABAOnaSPORTTV?src=hash&amp;ref_src=twsrc%5Etfw\" rel=\"nofollow noopener\" target=\"_blank\">#CARABAOnaSPORTTV<\/a> <a href=\"https:\/\/twitter.com\/hashtag\/CarabaoCup?src=hash&amp;ref_src=twsrc%5Etfw\" rel=\"nofollow noopener\" target=\"_blank\">#CarabaoCup<\/a> <a href=\"https:\/\/twitter.com\/hashtag\/Swansea?src=hash&amp;ref_src=twsrc%5Etfw\" rel=\"nofollow noopener\" target=\"_blank\">#Swansea<\/a> <a href=\"https:\/\/twitter.com\/hashtag\/ManchesterCity?src=hash&amp;ref_src=twsrc%5Etfw\" rel=\"nofollow noopener\" target=\"_blank\">#ManchesterCity<\/a> <a href=\"https:\/\/t.co\/83fIFmvFOU\" rel=\"nofollow\">pic.twitter.com\/83fIFmvFOU<\/a><\/p>\n<p> \u2014 sport tv (@sporttvportugal)<br \/>\n  <a href=\"https:\/\/twitter.com\/sporttvportugal\/status\/1983626996371370097?ref_src=twsrc%5Etfw\" rel=\"nofollow noopener\" target=\"_blank\">October 29, 2025<\/a>\n <\/p><\/blockquote>\n<p>                                <script async src=\"https:\/\/platform.twitter.com\/widgets.js\" charset=\"utf-8\"><\/script><\/p>\n","protected":false},"excerpt":{"rendered":"Gon\u00e7alo Franco assinou um gola\u00e7o na rece\u00e7\u00e3o do Swansea ao Manchester City, em jogo a contar para a&hellip;\n","protected":false},"author":2,"featured_media":131867,"comment_status":"","ping_status":"","sticky":false,"template":"","format":"standard","meta":{"footnotes":""},"categories":[87],"tags":[135,29912,4238,665,82,46,1382,32,33,47,134,29913],"class_list":{"0":"post-131866","1":"post","2":"type-post","3":"status-publish","4":"format-standard","5":"has-post-thumbnail","7":"category-desporto","8":"tag-desporto","9":"tag-goncalo-franco","10":"tag-incrivel","11":"tag-inglaterra","12":"tag-internacional","13":"tag-maisfutebol","14":"tag-manchester-city","15":"tag-portugal","16":"tag-pt","17":"tag-pura-paixao","18":"tag-sports","19":"tag-swansea"},"share_on_mastodon":{"url":"https:\/\/pubeurope.com\/@pt\/115459904237134377","error":""},"_links":{"self":[{"href":"https:\/\/www.europesays.com\/pt\/wp-json\/wp\/v2\/posts\/131866","targetHints":{"allow":["GET"]}}],"collection":[{"href":"https:\/\/www.europesays.com\/pt\/wp-json\/wp\/v2\/posts"}],"about":[{"href":"https:\/\/www.europesays.com\/pt\/wp-json\/wp\/v2\/types\/post"}],"author":[{"embeddable":true,"href":"https:\/\/www.europesays.com\/pt\/wp-json\/wp\/v2\/users\/2"}],"replies":[{"embeddable":true,"href":"https:\/\/www.europesays.com\/pt\/wp-json\/wp\/v2\/comments?post=131866"}],"version-history":[{"count":0,"href":"https:\/\/www.europesays.com\/pt\/wp-json\/wp\/v2\/posts\/131866\/revisions"}],"wp:featuredmedia":[{"embeddable":true,"href":"https:\/\/www.europesays.com\/pt\/wp-json\/wp\/v2\/media\/131867"}],"wp:attachment":[{"href":"https:\/\/www.europesays.com\/pt\/wp-json\/wp\/v2\/media?parent=131866"}],"wp:term":[{"taxonomy":"category","embeddable":true,"href":"https:\/\/www.europesays.com\/pt\/wp-json\/wp\/v2\/categories?post=131866"},{"taxonomy":"post_tag","embeddable":true,"href":"https:\/\/www.europesays.com\/pt\/wp-json\/wp\/v2\/tags?post=131866"}],"curies":[{"name":"wp","href":"https:\/\/api.w.org\/{rel}","templated":true}]}}