{"id":131873,"date":"2025-10-29T22:58:03","date_gmt":"2025-10-29T22:58:03","guid":{"rendered":"https:\/\/www.europesays.com\/pt\/131873\/"},"modified":"2025-10-29T22:58:03","modified_gmt":"2025-10-29T22:58:03","slug":"nao-conhecia-muito-bem-o-chris-chamam-lhe-quenda-ii-e-como-nos-filmes-maisfutebol","status":"publish","type":"post","link":"https:\/\/www.europesays.com\/pt\/131873\/","title":{"rendered":"\u00abN\u00e3o conhecia muito bem o Chris. Chamam-lhe Quenda II, \u00e9 como nos filmes\u00bb &#8211; Maisfutebol"},"content":{"rendered":"<ol>\n<li><a href=\"https:\/\/news.google.com\/rss\/articles\/CBMixwFBVV95cUxPdV9RbW84SVdjTWpvZnF1VTVwU0RkdVlnVW5nbmNoSkZXRWtNT2E4WUJZc3pZRTFzTHRCYnVUUzdEbGU4YzZGclNrSk1HNWRjc2ZFd0dQRGpEX0puMDhoNllZU3hyOE9xd09RYmRMMFJmWmJWc1pKZmpfQ0VCZFhfYzBwRVJmYmR1aE9mektEZXFCcVNsVmhfSnpKQjF2LVdoaTAyWDIxdFA1ZU5lQlVQTGQ4ZTh2ZFd4MWRBQVNFY25mV0RxZ2Uw?oc=5\" target=\"_blank\" rel=\"nofollow noopener\">\u00abN\u00e3o conhecia muito bem o Chris. Chamam-lhe Quenda II, \u00e9 como nos filmes\u00bb<\/a>&nbsp;&nbsp;Maisfutebol<\/li>\n<li><a href=\"https:\/\/news.google.com\/rss\/articles\/CBMi1gFBVV95cUxONHVzTERyM204Q2I1M1BaZl9XM2w5MFU0M2lLSEtwVjhEcEkyQVhIYTlJSkIyblViSm45SmNXZGtlMDdhVFNrX2F4Z0NsU0hsLVF0TS14ZFRFUDB2amxJVG9ZMk56QS0zWWFpeXBDSk96X1BiSFM0YXBDLVNuaU9Eb0VlMW5yLTZHR3ItRVJRUzhUeWJnR1ljWV9iYm5OQ3d2Umx0eHJPMzhVWGZUaXJ5MDhBcjlvQktUYVRjU280V2daTE40aWJXQklmNUh5R1ZIN1p4V2Zn?oc=5\" target=\"_blank\" rel=\"nofollow noopener\">Sporting x Alverca na Ta\u00e7a da Liga de Portugal: onde assistir ao vivo, hor\u00e1rio e escala\u00e7\u00e3o<\/a>&nbsp;&nbsp;Estad\u00e3o<\/li>\n<li><a href=\"https:\/\/news.google.com\/rss\/articles\/CBMihAJBVV95cUxORERKcVNCX3NoRmM5dkhoeHI0YkQ2cGdXLVJ2WnFVdFBOOTJpMzM0RGQ5VW1kRldldklsVWhDMFc1RFBxTWE1Tzd1c2Q1RWRBNWhNRGJic2h5TWdaczVsa2RqeWlGdjBYMzkyeTlxNklieEhIOGlMdVZoUFZFMDU1bTBMaFFVNzNDMnMxNEgtYkNPYm5rX0VpRkRJWjd6UnBSaXBWdXZUWXg0Sjlhd1lDZ0I3TkFDZUx5a1ZhUkhsVkJUM3JVNG9vVjRyT3o5NGU0X3hqeHYtYjZSam9CUUNCN1pKWUlQcVVoX25vN0dhMGxIb2hGX0FpcnNybzJrdVdDWTFXdA?oc=5\" target=\"_blank\" rel=\"nofollow noopener\">Sporting goleia Alverca e avan\u00e7a \u00e0 semifinal da Ta\u00e7a da Liga de Portugal<\/a>&nbsp;&nbsp;Terra<\/li>\n<li><a href=\"https:\/\/news.google.com\/rss\/articles\/CBMiyAFBVV95cUxOWjlsQmN5eGxsbDNWOXBwWlVQY1F1NGc3c1JhQVlNV3ZTSFJ0Y2NPNFNlRWozbHF4MWpJYU9qVzMzdDBSTnp1MGx6TkxSakFnLS1uVVozbzBwa0ozWktmdnVnS256V0hPSUlsS2s5eHVnM0VMU3RGX09vX1I5U1V0b0RwZjZQWXoyNHVwNTRUaklGd1haN3U1dVZzbW9mVEhoeUZJSmdOZ0V1VVQtZFhUWUZjcGFZcnhVZXhyaV91OC1ac21hRW5hTA?oc=5\" target=\"_blank\" rel=\"nofollow noopener\">Salvador Blopa: conhe\u00e7a a incr\u00edvel hist\u00f3ria do \u2018teenager\u2019 que desponta no Sporting<\/a>&nbsp;&nbsp;A Bola<\/li>\n<li><a href=\"https:\/\/news.google.com\/rss\/articles\/CBMiwgFBVV95cUxQUk83LXB6Tmp3ZDhSVjB4ZUtvSldaWVV4TzNlWjBxdlVuSVFxc25MQjZGZkdfUG04bVMtNDhmenlMM0QzalhBTWl3SmVRU19Dc0VfeDNibmJNSHJ5MEd3c3RLd1hmaWFQdTBITEhzXzJNRUFOWDNoeTF0a0JUNUxhM2VvVEt3cloyQVlIZnhPUHV6M1prMDl0SUJtUlVVNFNQcmpJMHFNbFZkR3l3Q3pacVktTkdKaGdEN1FHc1FFSy1KQQ?oc=5\" target=\"_blank\" rel=\"nofollow noopener\">Ta\u00e7a da Liga. Sporting apurado para a final four ap\u00f3s goleada frente ao Alverca<\/a>&nbsp;&nbsp;RTP<\/li>\n<\/ol>\n","protected":false},"excerpt":{"rendered":"\u00abN\u00e3o conhecia muito bem o Chris. Chamam-lhe Quenda II, \u00e9 como nos filmes\u00bb&nbsp;&nbsp;Maisfutebol Sporting x Alverca na Ta\u00e7a&hellip;\n","protected":false},"author":2,"featured_media":131874,"comment_status":"","ping_status":"","sticky":false,"template":"","format":"standard","meta":{"footnotes":""},"categories":[8],"tags":[5739,27,28,15,16,14,25,26,21,22,46,12,13,19,20,32,23,24,33,47,3880,34,5344,29489,17,18,29,30,31],"class_list":{"0":"post-131873","1":"post","2":"type-post","3":"status-publish","4":"format-standard","5":"has-post-thumbnail","7":"category-principais-noticias","8":"tag-alverca","9":"tag-breaking-news","10":"tag-breakingnews","11":"tag-featured-news","12":"tag-featurednews","13":"tag-headlines","14":"tag-latest-news","15":"tag-latestnews","16":"tag-main-news","17":"tag-mainnews","18":"tag-maisfutebol","19":"tag-news","20":"tag-noticias","21":"tag-noticias-principais","22":"tag-noticiasprincipais","23":"tag-portugal","24":"tag-principais-noticias","25":"tag-principaisnoticias","26":"tag-pt","27":"tag-pura-paixao","28":"tag-rui-borges","29":"tag-sporting","30":"tag-taca-da-liga","31":"tag-taca-liga","32":"tag-top-stories","33":"tag-topstories","34":"tag-ultimas","35":"tag-ultimas-noticias","36":"tag-ultimasnoticias"},"share_on_mastodon":{"url":"https:\/\/pubeurope.com\/@pt\/115459936260701245","error":""},"_links":{"self":[{"href":"https:\/\/www.europesays.com\/pt\/wp-json\/wp\/v2\/posts\/131873","targetHints":{"allow":["GET"]}}],"collection":[{"href":"https:\/\/www.europesays.com\/pt\/wp-json\/wp\/v2\/posts"}],"about":[{"href":"https:\/\/www.europesays.com\/pt\/wp-json\/wp\/v2\/types\/post"}],"author":[{"embeddable":true,"href":"https:\/\/www.europesays.com\/pt\/wp-json\/wp\/v2\/users\/2"}],"replies":[{"embeddable":true,"href":"https:\/\/www.europesays.com\/pt\/wp-json\/wp\/v2\/comments?post=131873"}],"version-history":[{"count":0,"href":"https:\/\/www.europesays.com\/pt\/wp-json\/wp\/v2\/posts\/131873\/revisions"}],"wp:featuredmedia":[{"embeddable":true,"href":"https:\/\/www.europesays.com\/pt\/wp-json\/wp\/v2\/media\/131874"}],"wp:attachment":[{"href":"https:\/\/www.europesays.com\/pt\/wp-json\/wp\/v2\/media?parent=131873"}],"wp:term":[{"taxonomy":"category","embeddable":true,"href":"https:\/\/www.europesays.com\/pt\/wp-json\/wp\/v2\/categories?post=131873"},{"taxonomy":"post_tag","embeddable":true,"href":"https:\/\/www.europesays.com\/pt\/wp-json\/wp\/v2\/tags?post=131873"}],"curies":[{"name":"wp","href":"https:\/\/api.w.org\/{rel}","templated":true}]}}