{"id":131878,"date":"2025-10-29T23:03:10","date_gmt":"2025-10-29T23:03:10","guid":{"rendered":"https:\/\/www.europesays.com\/pt\/131878\/"},"modified":"2025-10-29T23:03:10","modified_gmt":"2025-10-29T23:03:10","slug":"guerreiras-do-k-pop-qual-huntr-x-e-neta-de-um-lendario-ator","status":"publish","type":"post","link":"https:\/\/www.europesays.com\/pt\/131878\/","title":{"rendered":"Guerreiras do K-Pop: qual HUNTR\/X \u00e9 neta de um lend\u00e1rio ator?"},"content":{"rendered":"<p>\u201c<a href=\"https:\/\/recreio.com.br\/tags\/guerreiras-do-k-pop\" rel=\"nofollow noopener\" target=\"_blank\">Guerreiras do K-Pop<\/a>\u201d tem em seu elenco estrelado uma atriz que tem um parentesco lend\u00e1rio: neta de um ator memor\u00e1vel e de sucesso na cena coreana do cinema, mostrando que o talento corre na fam\u00edlia e no sangue. Mas, quem \u00e9 ela?<\/p>\n<p>\t A HUNTR\/X neta de um lend\u00e1rio ator coreano <\/p>\n<p>Ela \u00e9 cheia de talento, tem uma voz potente e est\u00e1 no elenco principal de \u201c<a href=\"https:\/\/pt.wikipedia.org\/wiki\/KPop_Demon_Hunters\" rel=\"nofollow noopener\" target=\"_blank\">Guerreiras do K-Pop<\/a>\u201c. Estamos falando da cantora <a href=\"https:\/\/www.instagram.com\/ejae_k\/\" rel=\"nofollow noopener\" target=\"_blank\"><strong>EJAE<\/strong><\/a>, voz de Rumi e dona de v\u00e1rios sucessos de grupos de k-pop, como LE SSERAFIM e TWICE, al\u00e9m de tamb\u00e9m ser dona de um hit global de 2025 das HUNTR\/X, \u201cGolden\u201d. Seu av\u00f4 \u00e9 ningu\u00e9m mais, ningu\u00e9m menos, que <strong>Shin Young-kyun<\/strong>, um dos nomes mais renomados do cinema da Coreia do Sul.<\/p>\n<p>Ele, aos 96 anos, coleciona cl\u00e1ssicos da dramaturgia coreana, e teve seu auge entre as d\u00e9cadas de 1960 e 1970, estrelando sucessos como \u201cO Len\u00e7o Vermelho\u201d e \u201cAme-me Mais Uma Vez\u201d. Al\u00e9m disso, <strong>Shin<\/strong> \u00e9 conhecido como um s\u00edmbolo de nobreza na Coreia, doando 50 bilh\u00f5es de won coreanos para apoiar a ind\u00fastria cinematogr\u00e1fica do pa\u00eds.<\/p>\n<p> <img loading=\"lazy\" decoding=\"async\" class=\"size-full wp-image-56356 img-fluid lazy\" alt=\"Shin Young-Kyun\" width=\"1280\" height=\"720\" src=\"https:\/\/www.europesays.com\/pt\/wp-content\/uploads\/2025\/10\/shin-young-kyun-getty.jpg\"  \/>Shin Young-kyun \u00e9 av\u00f4 de EJAE, de \u201cGuerreiras do K-Pop\u201d \u2013 Han Myung-Gu\/WireImage\/GettyImages <strong>EJAE e \u201cGuerreiras do K-Pop\u201d<\/strong> <\/p>\n<p>O filme mais assistido da Netflix \u00e9, tamb\u00e9m, o triunfo de <strong>EJAE<\/strong>. Por anos, quando mais nova, ela foi trainee na SM Entertainment, sonhando em se tornar idol, e tamb\u00e9m esteve por tr\u00e1s de v\u00e1rios hits da ind\u00fastria, como \u201cPsycho\u201d, do Red Velvet, e \u201cArmageddon\u201d, do aespa. A vocalista gravou a faixa \u201cGolden\u201d como uma demo para a Sony Animation emplacar algu\u00e9m na trilha sonora.<\/p>\n<p>No entanto, a diretora do filme, <strong>Maggie Kang<\/strong>, ouviu a faixa e pediu que <strong>EJAE<\/strong> fosse a voz principal da trama, cantando os solos e versos da protagonista, Rumi. O sucesso veio: \u201cGolden\u201d permanece em alta, segue no top global do Spotify, ficou oito semanas em primeiro lugar na Billboard Hot 100.<\/p>\n<p>O filme \u201cGuerreiras do K-Pop\u201d \u00e9 um fen\u00f4meno: al\u00e9m de ser o t\u00edtulo mais visto da Netflix da hist\u00f3ria, conquistou uma legi\u00e3o de f\u00e3s ao redor do globo. Contando a hist\u00f3ria das ca\u00e7adoras de dem\u00f4nios Zoey, Mira e Rumi, as HUNTR\/X s\u00e3o as vozes protetoras do honmoon. A disputa pelo cora\u00e7\u00e3o dos f\u00e3s fica dif\u00edcil quando o boygroup Saja Boys surge, envoltos em mist\u00e9rios, e tentam roubar os cora\u00e7\u00f5es e almas de cada um dos humanos. <a href=\"https:\/\/www.netflix.com\/br\/title\/81498621\" rel=\"nofollow noopener\" target=\"_blank\">\u00c9 poss\u00edvel assistir ao longa-metragem na Netflix<\/a>. De 31 de outubro at\u00e9 2 de novembro ser\u00e1 poss\u00edvel conferir a aventura nos cinemas em uma vers\u00e3o especial.<\/p>\n<p>\t                                            <script async src=\"\/\/www.instagram.com\/embed.js\"><\/script><\/p>\n","protected":false},"excerpt":{"rendered":"\u201cGuerreiras do K-Pop\u201d tem em seu elenco estrelado uma atriz que tem um parentesco lend\u00e1rio: neta de um&hellip;\n","protected":false},"author":2,"featured_media":131879,"comment_status":"","ping_status":"","sticky":false,"template":"","format":"standard","meta":{"footnotes":""},"categories":[141],"tags":[22202,114,115,4550,24683,149,150,716,32,33],"class_list":{"0":"post-131878","1":"post","2":"type-post","3":"status-publish","4":"format-standard","5":"has-post-thumbnail","7":"category-musica","8":"tag-ejae","9":"tag-entertainment","10":"tag-entretenimento","11":"tag-guerreiras-do-k-pop","12":"tag-guerreiras-do-k-pop-2","13":"tag-music","14":"tag-musica","15":"tag-netflix","16":"tag-portugal","17":"tag-pt"},"share_on_mastodon":{"url":"https:\/\/pubeurope.com\/@pt\/115459955518772131","error":""},"_links":{"self":[{"href":"https:\/\/www.europesays.com\/pt\/wp-json\/wp\/v2\/posts\/131878","targetHints":{"allow":["GET"]}}],"collection":[{"href":"https:\/\/www.europesays.com\/pt\/wp-json\/wp\/v2\/posts"}],"about":[{"href":"https:\/\/www.europesays.com\/pt\/wp-json\/wp\/v2\/types\/post"}],"author":[{"embeddable":true,"href":"https:\/\/www.europesays.com\/pt\/wp-json\/wp\/v2\/users\/2"}],"replies":[{"embeddable":true,"href":"https:\/\/www.europesays.com\/pt\/wp-json\/wp\/v2\/comments?post=131878"}],"version-history":[{"count":0,"href":"https:\/\/www.europesays.com\/pt\/wp-json\/wp\/v2\/posts\/131878\/revisions"}],"wp:featuredmedia":[{"embeddable":true,"href":"https:\/\/www.europesays.com\/pt\/wp-json\/wp\/v2\/media\/131879"}],"wp:attachment":[{"href":"https:\/\/www.europesays.com\/pt\/wp-json\/wp\/v2\/media?parent=131878"}],"wp:term":[{"taxonomy":"category","embeddable":true,"href":"https:\/\/www.europesays.com\/pt\/wp-json\/wp\/v2\/categories?post=131878"},{"taxonomy":"post_tag","embeddable":true,"href":"https:\/\/www.europesays.com\/pt\/wp-json\/wp\/v2\/tags?post=131878"}],"curies":[{"name":"wp","href":"https:\/\/api.w.org\/{rel}","templated":true}]}}