{"id":131893,"date":"2025-10-29T23:19:09","date_gmt":"2025-10-29T23:19:09","guid":{"rendered":"https:\/\/www.europesays.com\/pt\/131893\/"},"modified":"2025-10-29T23:19:09","modified_gmt":"2025-10-29T23:19:09","slug":"lancamentos-de-filmes-e-series-baseados-em-livros-confira","status":"publish","type":"post","link":"https:\/\/www.europesays.com\/pt\/131893\/","title":{"rendered":"Lan\u00e7amentos de filmes e s\u00e9ries baseados em livros; confira"},"content":{"rendered":"<p dir=\"ltr\">No <a href=\"https:\/\/www.correiobraziliense.com.br\/cidades-df\/2020\/10\/4885293-no-dia-nacional-do-livro-conheca-apaixonados-pela-leitura.html\" target=\"_blank\" rel=\"nofollow noopener\">Dia Nacional do Livro<\/a>, comemorado nesta quarta-feira (29\/10), vale destacar a import\u00e2ncia do h\u00e1bito da <a href=\"https:\/\/www.correiobraziliense.com.br\/tags\/leitura\/\" target=\"_blank\" rel=\"nofollow noopener\">leitura<\/a>. Segundo a pesquisa <a href=\"https:\/\/www.cbl.org.br\/2024\/11\/mais-da-metade-dos-brasileiros-nao-le-livros-aponta-pesquisa\/\" target=\"_blank\" rel=\"nofollow noopener\">Retratos da Leitura no Brasil<\/a>, divulgada pela C\u00e2mara Brasileira do Livro (CBL) em 2024, houve uma redu\u00e7\u00e3o de leitores assustadora no pa\u00eds: 53% das pessoas n\u00e3o leram nem parte de um livro \u2014 impresso ou digital \u2014 de qualquer g\u00eanero nos tr\u00eas meses anteriores \u00e0 pesquisa.<\/p>\n<p dir=\"ltr\">Pela primeira vez na hist\u00f3ria do Brasil, a propor\u00e7\u00e3o de n\u00e3o-leitores superou a de leitores. Al\u00e9m disso, apenas 27% dos brasileiros leram um livro inteiro no ano passado. Pensando nisso, o <strong>Correio<\/strong> separou uma lista de obras liter\u00e1rias que ser\u00e3o adaptadas para filmes e s\u00e9ries. Embora o <a href=\"https:\/\/www.correiobraziliense.com.br\/diversao-e-arte\/2025\/10\/7266477-audiovisual-brasileiro-movimenta-rs-70-bi-e-mais-de-600-mil-vagas.html\" target=\"_blank\" rel=\"nofollow noopener\">audiovisual<\/a> seja um formato de m\u00eddia mais acess\u00edvel e pr\u00e1tico no pa\u00eds, seu consumo pode influenciar os telespectadores a buscarem\u00a0a origem nos livros.\u00a0<\/p>\n<p dir=\"ltr\"><strong>Confira:\u00a0<\/strong><\/p>\n<p>Frankenstein<\/p>\n<p dir=\"ltr\">O livro hom\u00f4nimo de <a href=\"https:\/\/www.correiobraziliense.com.br\/webstories\/2023\/08\/5121206-mary-shelley-relembre-a-carreira-da-autora-de-frankenstein.html\" target=\"_blank\" rel=\"nofollow noopener\">Mary Shelley<\/a> est\u00e1 em adapta\u00e7\u00e3o dirigida por <a href=\"https:\/\/www.correiobraziliense.com.br\/diversao-e-arte\/2025\/10\/7279305-guillermo-del-toro-repudia-uso-de-a-ia-na-industria-cinematografica-prefiro-morrer.html\" target=\"_blank\" rel=\"nofollow noopener\">Guillermo del Toro<\/a>, com Oscar Isaac como Victor Frankenstein, Jacob Elordi como a Criatura e Mia Goth como noiva. A hist\u00f3ria acompanha um cientista brilhante, mas ego\u00edsta, traz uma criatura monstruosa \u00e0 vida em um experimento ousado que, em \u00faltima an\u00e1lise, leva \u00e0 ru\u00edna tanto do criador quanto de sua tr\u00e1gica cria\u00e7\u00e3o.<\/p>\n<p>Amanhecer na Colheita<\/p>\n<p dir=\"ltr\">Novo livro de <a href=\"https:\/\/www.correiobraziliense.com.br\/divirtasemais\/2023\/11\/6654728-a-liberdade-promete-ser-a-maior-vitoria-na-nova-saga-de-jogos-vorazes.html\" target=\"_blank\" rel=\"nofollow noopener\">Suzanne Collins<\/a> dentro do universo de Jogos Vorazes mostrar\u00e1 o passado de Haymitch, mentor de Katniss e Peeta. A estreia est\u00e1 prevista para novembro de 2026.<\/p>\n<p>O Sobrevivente<\/p>\n<p dir=\"ltr\">Nova vers\u00e3o cinematogr\u00e1fica do romance de <a href=\"https:\/\/www.correiobraziliense.com.br\/tags\/stephen-king\/\" target=\"_blank\" rel=\"nofollow noopener\">Stephen King<\/a>, com Glen Powell, Josh Brolin, Katy O\u2019Brian. Desesperado por dinheiro para salvar sua filha doente, Ben Richards se junta ao programa de maior audi\u00eancia na televis\u00e3o chamado &#8220;O Sobrevivente&#8221;, uma competi\u00e7\u00e3o mortal onde os concorrentes devem sobreviver por 30 dias enquanto s\u00e3o ca\u00e7ados por assassinos profissionais. Previsto para estrear em novembro.\u00a0<\/p>\n<p>Verity<\/p>\n<p dir=\"ltr\">O romance de <a href=\"https:\/\/www.correiobraziliense.com.br\/diversao-e-arte\/2025\/03\/7093224-verity-saiba-tudo-sobre-a-versao-para-cinema-do-best-seller.html\" target=\"_blank\" rel=\"nofollow noopener\">Colleen Hoover<\/a>, muito popular entre os f\u00e3s do g\u00eanero, tamb\u00e9m ganhar\u00e1 uma vers\u00e3o cinematogr\u00e1fica em 2026. O elenco principal conta com <a href=\"https:\/\/www.correiobraziliense.com.br\/tags\/anne-hathaway\/\" target=\"_blank\" rel=\"nofollow noopener\">Anne Hathaway<\/a> e <a href=\"https:\/\/www.correiobraziliense.com.br\/diversao-e-arte\/2025\/10\/7277404-dakota-johnson-fala-de-beleza-autoconfianca-e-um-red-flag-inesperado.html\" target=\"_blank\" rel=\"nofollow noopener\">Dakota Johnson<\/a>.<\/p>\n<p>Hamnet<\/p>\n<p dir=\"ltr\">O drama hist\u00f3rico de Maggie O\u2019Farrell \u00e9 sobre a perda da crian\u00e7a de <a href=\"https:\/\/www.correiobraziliense.com.br\/diversao-e-arte\/2024\/11\/6993468-5-filmes-imperdiveis-baseados-nas-obras-de-william-shakespeare.html\" target=\"_blank\" rel=\"nofollow noopener\">William Shakespeare<\/a> e as repercuss\u00f5es. Com Jessie Buckley e Paul Mescal no elenco, o longa \u00e9 dirigido por Chlo\u00e9 Zhao. Previsto para estrear em novembro.<\/p>\n<p>A Empregada<\/p>\n<p dir=\"ltr\">Freida McFadden \u00e9 a autora do livro e de mais tr\u00eas volumes que o seguem. A adapta\u00e7\u00e3o do primeiro ser\u00e1 estrelada por <a href=\"https:\/\/www.correiobraziliense.com.br\/tags\/sydney-sweeney\/\" target=\"_blank\" rel=\"nofollow noopener\">Sydney Sweeney<\/a> e Amanda Seyfried, com estreia prevista no Brasil para janeiro de 2026.<\/p>\n<p>De F\u00e9rias com Voc\u00ea<\/p>\n<p dir=\"ltr\">A obra de Emily Henry ser\u00e1 adaptada em formato de s\u00e9rie, j\u00e1 finalizada e com lan\u00e7amento marcado na Netflix para 9 de janeiro de 2026. Os protagonistas s\u00e3o Emily Bader e Tom Blythe.<\/p>\n<p>Uma Segunda Chance<\/p>\n<p dir=\"ltr\">Mais um livro de Colleen Hoover chegar\u00e1 aos cinemas. O trailer foi divulgado recentemente, revelando Maika Monroe, Rudy Pankow e Tyriq Withers no elenco. O longa estreia nos EUA em mar\u00e7o de 2026 e deve chegar ao Brasil na mesma \u00e9poca.<\/p>\n<p class=\"texto\"><strong><a href=\"https:\/\/whatsapp.com\/channel\/0029VaB1U9a002T64ex1Sy2w\" target=\"_blank\" rel=\"nofollow noopener\">Siga o canal do Correio no WhatsApp e receba as principais not\u00edcias do dia no seu celular<\/a><\/strong><\/p>\n<p>A Hip\u00f3tese do Amor<\/p>\n<p dir=\"ltr\">O sucesso de Ali Hazelwood j\u00e1 teve as grava\u00e7\u00f5es conclu\u00eddas e ser\u00e1 lan\u00e7ado no Prime Video em 2026. Lili Reinhart interpreta a protagonista, enquanto Tom Bateman vive seu par rom\u00e2ntico. Ainda n\u00e3o h\u00e1 data confirmada.<\/p>\n<p>Filhos de sangue e osso<\/p>\n<p dir=\"ltr\">Primeiro t\u00edtulo da trilogia de Tomi Adeyemi, o livro ganhar\u00e1 adapta\u00e7\u00e3o com Cynthia Erivo, Viola Davis e outros nomes no elenco. Poucos detalhes foram revelados, mas o lan\u00e7amento deve ocorrer em 2027.<\/p>\n<ul>\n<li><a href=\"https:\/\/wa.me\/?text=Do+livro+para+a+tela%3A+lan%C3%A7amentos+de+filmes+e+s%C3%A9ries+que+voc%C3%AA+n%C3%A3o+pode+perder%20https:\/\/www.correiobraziliense.com.br\/diversao-e-arte\/2025\/10\/7281200-lancamentos-de-filmes-e-series-baseados-em-livros-confira.html\" target=\"_blank\" title=\"Whatsapp\" aria-label=\"WhatsApp\" rel=\"nofollow noopener\"><\/a><\/li>\n<li><a href=\"https:\/\/www.facebook.com\/sharer.php?u=https:\/\/www.correiobraziliense.com.br%2Fdiversao-e-arte%2F2025%2F10%2F7281200-lancamentos-de-filmes-e-series-baseados-em-livros-confira.html&amp;text=Do+livro+para+a+tela%3A+lan%C3%A7amentos+de+filmes+e+s%C3%A9ries+que+voc%C3%AA+n%C3%A3o+pode+perder\" target=\"_blank\" title=\"Facebook\" aria-label=\"Facebook\" rel=\"nofollow noopener\"><\/a><\/li>\n<li><a href=\"https:\/\/twitter.com\/intent\/tweet?url=https:\/\/www.correiobraziliense.com.br%2Fdiversao-e-arte%2F2025%2F10%2F7281200-lancamentos-de-filmes-e-series-baseados-em-livros-confira.html&amp;text=Do+livro+para+a+tela%3A+lan%C3%A7amentos+de+filmes+e+s%C3%A9ries+que+voc%C3%AA+n%C3%A3o+pode+perder\" target=\"_blank\" title=\"Twitter\" aria-label=\"Twitter\" rel=\"nofollow noopener\"><\/a><\/li>\n<li><a href=\"https:\/\/profile.google.com\/cp\/CgovbS8wNzZ0dms1\" title=\"Google Discover\" target=\"_blank\" aria-label=\"Google Discover\" rel=\"nofollow noopener\"><img decoding=\"async\" src=\"https:\/\/www.europesays.com\/pt\/wp-content\/uploads\/2025\/10\/1761779948_468_google-discover-icon.png\" style=\"height: 25px; margin: 0 !important; margin-left: 3px;\" alt=\"Google Discover Icon\"\/><\/a><\/li>\n<\/ul>\n<p>              <a href=\"https:\/\/www.correiobraziliense.com.br\/autor\/bianca-lucca\/page\/1\/\" style=\"height: 100%;\" rel=\"nofollow noopener\" target=\"_blank\"><img decoding=\"async\" class=\"hidden-print author-circle d-block h6 mt-0 mb-0 mr-6 text-center\" src=\"https:\/\/www.europesays.com\/pt\/wp-content\/uploads\/2025\/10\/whatsapp_image_2025_01_07_at_20_59_47-44349236.jpeg\" alt=\"\" width=\"40\" height=\"40\" loading=\"lazy\" style=\"object-fit:cover; width: 40px; height: 40px; margin-right:10px;\"\/><\/a><a href=\"https:\/\/www.correiobraziliense.com.br\/autor\/bianca-lucca\/page\/1\/\" rel=\"nofollow noopener\" target=\"_blank\"><img decoding=\"async\" class=\"hidden-print author-circle d-block h6 mt-0 mb-0 mr-6 text-center\" src=\"https:\/\/www.europesays.com\/pt\/wp-content\/uploads\/2025\/10\/whatsapp_image_2025_01_07_at_20_59_47-44349236.jpeg\" alt=\"\" width=\"40\" height=\"40\" loading=\"lazy\" style=\"object-fit:cover; width: 40px; height: 40px; margin-right:10px;\"\/><\/a>Bianca Lucca  <strong class=\"entryStrongAuthor\">Rep\u00f3rter<\/strong><\/p>\n<p class=\"entryDescricaoAuthor\">Jornalista pelo Centro Universit\u00e1rio de Bras\u00edlia, apaixonada por literatura e quest\u00f5es sociais. Passou pela editoria de Cultura e agora escreve para o CB On-line, onde assina o Blog Daquilo.<\/p>\n<p>                          <script async src=\"https:\/\/platform.twitter.com\/widgets.js\" charset=\"utf-8\"><\/script><\/p>\n","protected":false},"excerpt":{"rendered":"No Dia Nacional do Livro, comemorado nesta quarta-feira (29\/10), vale destacar a import\u00e2ncia do h\u00e1bito da leitura. Segundo&hellip;\n","protected":false},"author":2,"featured_media":131894,"comment_status":"","ping_status":"","sticky":false,"template":"","format":"standard","meta":{"footnotes":""},"categories":[140],"tags":[470,315,114,115,147,471,148,878,864,170,146,32,33,940],"class_list":{"0":"post-131893","1":"post","2":"type-post","3":"status-publish","4":"format-standard","5":"has-post-thumbnail","7":"category-filmes","8":"tag-cinema","9":"tag-cultura","10":"tag-entertainment","11":"tag-entretenimento","12":"tag-film","13":"tag-filme","14":"tag-filmes","15":"tag-lancamentos","16":"tag-literatura","17":"tag-livros","18":"tag-movies","19":"tag-portugal","20":"tag-pt","21":"tag-streaming"},"share_on_mastodon":{"url":"https:\/\/pubeurope.com\/@pt\/115460018514393006","error":""},"_links":{"self":[{"href":"https:\/\/www.europesays.com\/pt\/wp-json\/wp\/v2\/posts\/131893","targetHints":{"allow":["GET"]}}],"collection":[{"href":"https:\/\/www.europesays.com\/pt\/wp-json\/wp\/v2\/posts"}],"about":[{"href":"https:\/\/www.europesays.com\/pt\/wp-json\/wp\/v2\/types\/post"}],"author":[{"embeddable":true,"href":"https:\/\/www.europesays.com\/pt\/wp-json\/wp\/v2\/users\/2"}],"replies":[{"embeddable":true,"href":"https:\/\/www.europesays.com\/pt\/wp-json\/wp\/v2\/comments?post=131893"}],"version-history":[{"count":0,"href":"https:\/\/www.europesays.com\/pt\/wp-json\/wp\/v2\/posts\/131893\/revisions"}],"wp:featuredmedia":[{"embeddable":true,"href":"https:\/\/www.europesays.com\/pt\/wp-json\/wp\/v2\/media\/131894"}],"wp:attachment":[{"href":"https:\/\/www.europesays.com\/pt\/wp-json\/wp\/v2\/media?parent=131893"}],"wp:term":[{"taxonomy":"category","embeddable":true,"href":"https:\/\/www.europesays.com\/pt\/wp-json\/wp\/v2\/categories?post=131893"},{"taxonomy":"post_tag","embeddable":true,"href":"https:\/\/www.europesays.com\/pt\/wp-json\/wp\/v2\/tags?post=131893"}],"curies":[{"name":"wp","href":"https:\/\/api.w.org\/{rel}","templated":true}]}}