{"id":131907,"date":"2025-10-29T23:31:07","date_gmt":"2025-10-29T23:31:07","guid":{"rendered":"https:\/\/www.europesays.com\/pt\/131907\/"},"modified":"2025-10-29T23:31:07","modified_gmt":"2025-10-29T23:31:07","slug":"tem-14-anos-virou-quatro-cadeiras-no-the-voice-kids-e-vai-lancar-o-primeiro-single-new-in-setubal","status":"publish","type":"post","link":"https:\/\/www.europesays.com\/pt\/131907\/","title":{"rendered":"Tem 14 anos, virou quatro cadeiras no \u201cThe Voice Kids\u201d e vai lan\u00e7ar o primeiro single \u2014 New in Set\u00fabal"},"content":{"rendered":"<p>Maria Vinagre tem apenas 14 anos, mas j\u00e1 soma um percurso invej\u00e1vel. A jovem setubalense, que encantou o Pa\u00eds nas semifinais do \u201cThe Voice Kids\u201d, lan\u00e7a agora o seu primeiro single, \u201cS\u00f3 Ser\u201d, dispon\u00edvel em todas as <a href=\"https:\/\/www.youtube.com\/@mariavinagre_music\" target=\"_blank\" rel=\"nofollow noopener\">plataformas<\/a> digitais a partir desta quarta-feira, dia 29 de outubro. O tema marca o in\u00edcio de uma nova etapa na vida da jovem cantora e promete emocionar uma gera\u00e7\u00e3o de adolescentes que, como ela, vivem pressionados pela pergunta: \u201cO que queres ser quando fores grande?\u201d.<\/p>\n<p>\u201cTenho pensado muito sobre essa quest\u00e3o\u201d, confessou Maria \u00e0 New in Set\u00fabal. \u201c<strong>Esta m\u00fasica explica que n\u00e3o tenho de decidir j\u00e1, que posso ser s\u00f3 eu mesma<\/strong> e n\u00e3o tenho de pensar j\u00e1 no futuro\u201d. \u00c9 essa mensagem sincera, crua e universal, que d\u00e1 nome ao tema e inspira o refr\u00e3o: \u2018Deixem-me ser, s\u00f3 ser&#8217;\u201d.<\/p>\n<p>Uma paix\u00e3o que cresceu nas ruas de Set\u00fabal<\/p>\n<p>A m\u00fasica sempre fez parte do quotidiano de Maria, mesmo antes de perceber que queria seguir esse caminho. \u201cComecei a cantar mais a s\u00e9rio aos nove anos e, em 2023, fui ao \u2018The Voice Kids\u2019, mas n\u00e3o passei dos castings. No ano seguinte, fui at\u00e9 \u00e0s provas cegas, mas tamb\u00e9m n\u00e3o consegui virar nenhuma cadeira\u201d, conta.<\/p>\n<p>Foi nessa altura que o pai, Ricardo Vinagre, percebeu que a filha precisava de confian\u00e7a. \u201c<strong>Ela cantava no carro, em casa, n\u00e3o parava. Segu\u00edamos sempre o \u2018The Voice Kids\u2019 em fam\u00edlia e ela dizia: \u2018Um dia vou estar ali\u2019.<\/strong> Queria ajud\u00e1-la a conseguir conquistar esse sonho\u201d, explica. Depois de n\u00e3o passar nas provas cegas de 2024, a fam\u00edlia comprou umas colunas e incentivou-a a cantar na rua. \u201c<strong>Era uma forma de perder a vergonha.<\/strong> As primeiras vezes custaram-lhe muito, mas agora j\u00e1 pede para ficar mais tempo\u201d. A jovem cantora tamb\u00e9m investiu em aulas de canto, para poder voltar ao programa com maior capacidade vocal.<\/p>\n<p><strong>Hoje, \u00e9 comum v\u00ea-la a atuar na Baixa de Set\u00fabal, onde canta de tudo um pouco<\/strong>, mas Maria confessa que o seu estilo preferido \u00e9 o pop. E foi justamente a sua persist\u00eancia que a levou de volta ao \u201cThe Voice Kids\u201d, este ano, onde <strong>virou as quatro cadeiras, recebeu o Super Passe de Carreira e chegou \u00e0s semifinais.<\/strong><\/p>\n<p>\u201cS\u00f3 Ser\u201d: um manifesto sobre crescer sem pressas<\/p>\n<p>\u201cEsta m\u00fasica \u00e9 uma resposta \u00e0s perguntas que toda a gente me faz: o que vais seguir, o que queres ser, vais continuar na m\u00fasica\u201d, explica Maria. \u201cQuero s\u00f3 viver o momento, cantar e fazer o que gosto. Ainda n\u00e3o sei se a minha vida vai ser a m\u00fasica ou n\u00e3o, e n\u00e3o sei o que me aguarda no futuro, por isso agora quero s\u00f3 ser\u201d. <strong>O tema foi composto com a apoio da cantora e compositora Constan\u00e7a Quinteiro<\/strong>, de Sesimbra, com quem Maria trabalha regularmente em sess\u00f5es de composi\u00e7\u00e3o.<\/p>\n<p>O processo criativo para o novo single foi natural e espont\u00e2neo. \u201cA m\u00fasica saiu no final de uma sess\u00e3o. Elas sentam-se, falam de temas, escrevem frases, testam melodias. Depois levam tudo ao produtor, o Geminai, que \u00e9 de Set\u00fabal, e montam o instrumental\u201d, explica Ricardo. O resultado \u00e9 um <a href=\"https:\/\/www.youtube.com\/watch?v=O8LjqcY6L8w\" target=\"_blank\" rel=\"nofollow noopener\">tema<\/a> doce, intimista e aut\u00eantico, que reflete a personalidade de Maria, uma artista em crescimento, que canta sobre o que sente.<\/p>\n<p>\u201cO que quero que as pessoas sintam \u00e9 o mesmo que eu senti quando escrevi: que o futuro n\u00e3o depende do agora e que \u00e9 preciso viver o momento\u201d, diz a jovem cantora.<\/p>\n<p>Do \u201cThe Voice Kids\u201d para os palcos e para a primeira banda<\/p>\n<p>O sucesso no <a href=\"https:\/\/newinsetubal.nit.pt\/cultura\/jovem-fa-de-setubal-leva-tema-de-cuca-roseta-ao-the-voice-kids\" rel=\"nofollow noopener\" target=\"_blank\">programa<\/a> da RTP trouxe-lhe n\u00e3o s\u00f3 visibilidade, mas novas oportunidades. Maria e o pianista Dinis Reis, tamb\u00e9m setubalense, come\u00e7aram a apresentar-se juntos em pequenos concertos intimistas, de voz e piano. \u201cEles j\u00e1 fazem alguns shows privados, s\u00f3 os dois, e d\u00e3o-se super bem\u201d, conta o pai.<\/p>\n<p>A parceria evoluiu naturalmente para algo maior: uma banda formada por m\u00fasicos de diferentes gera\u00e7\u00f5es. \u201cO Dinis j\u00e1 tocava com ela, e agora o pai dele \u00e9 o guitarrista da nossa banda. Um outro colega dos mi\u00fados, o Gon\u00e7alo, \u00e9 o baterista e o pai dele \u00e9 o baixista. S\u00e3o tr\u00eas fam\u00edlias envolvidas, e eu trato da gest\u00e3o e divulga\u00e7\u00e3o\u201d.<\/p>\n<p>A banda far\u00e1 a estreia oficial no Alegro de Castelo Branco, onde Maria ir\u00e1 apresentar quatro originais, incluindo \u201cS\u00f3 Ser\u201d. E em agosto de 2025, a jovem vai viver um dos maiores momentos da sua carreira ainda embrion\u00e1ria: abrir o concerto de Nena, um dos nomes mais promissores da pop portuguesa.<\/p>\n<p>Seis can\u00e7\u00f5es, seis mundos diferentes<\/p>\n<p>Embora \u201cS\u00f3 Ser\u201d seja o primeiro lan\u00e7amento, Maria j\u00e1 tem tr\u00eas singles terminados e outros tr\u00eas em fase final. \u201cEla \u00e9 muito nova e ainda estamos a descobrir qual ser\u00e1 a linha dela, mas a ideia \u00e9 lan\u00e7ar um single de tr\u00eas em tr\u00eas semanas, a partir de agora\u201d, revela Ricardo Vinagre.<\/p>\n<p>O segundo tema ser\u00e1 em ingl\u00eas, \u201cnuma onda mais Olivia Rodrigo ou Billie Eilish\u201d, como define Maria, com uma sonoridade intensa e emocional. \u201cEssa segunda m\u00fasica mostra mais a capacidade vocal da Maria, fala de estar presa num tr\u00e2nsito que nos representa a n\u00f3s mesmos e de ter de seguir em frente. \u00c9 muito conceptual\u201d. J\u00e1 o terceiro single ter\u00e1 sonoridades de bossa nova e fala \u201cda lua como amiga e confidente\u201d, refletindo o lado introspectivo da artista.<\/p>\n<p>A m\u00fasica \u00e9 apenas uma das suas paix\u00f5es<\/p>\n<p>Apesar do talento e da maturidade art\u00edstica, Maria \u00e9 uma adolescente como tantas outras. Frequenta o 9.\u00ba ano e, al\u00e9m da m\u00fasica, divide o tempo entre outras paix\u00f5es. \u201cFa\u00e7o gin\u00e1stica acrob\u00e1tica h\u00e1 oito anos, e h\u00e1 quatro pelo Vit\u00f3ria de Set\u00fabal\u201d, conta. Tamb\u00e9m adora pintar e fazer crochet, um hobby que aprendeu sozinha.<\/p>\n<p>No futuro, quer seguir artes no ensino secund\u00e1rio, continuando a explorar diferentes formas de express\u00e3o. \u201cGosto de cantar, mas tamb\u00e9m de desenhar, pintar e criar. Ainda estou a descobrir o que quero ser\u201d.<\/p>\n<p>\u00c9 precisamente essa sinceridade e a coragem de dizer o que sente que torna <a href=\"https:\/\/www.instagram.com\/mariavinagre_music\" target=\"_blank\" rel=\"nofollow noopener\">Maria<\/a> Vinagre especial. Aos 14 anos, a jovem artista est\u00e1 a aprender o mais importante de tudo: que o talento cresce, mas s\u00f3 floresce quando se \u00e9 fiel a si mesmo.<\/p>\n<p>Carregue na galeria para descobrir mais sobre o percurso musical de Maria Vinagre.<\/p>\n<p>\t\t\t\t<script async src=\"\/\/www.instagram.com\/embed.js\"><\/script><\/p>\n","protected":false},"excerpt":{"rendered":"Maria Vinagre tem apenas 14 anos, mas j\u00e1 soma um percurso invej\u00e1vel. A jovem setubalense, que encantou o&hellip;\n","protected":false},"author":2,"featured_media":131908,"comment_status":"","ping_status":"","sticky":false,"template":"","format":"standard","meta":{"footnotes":""},"categories":[142],"tags":[114,115,32,33,151],"class_list":{"0":"post-131907","1":"post","2":"type-post","3":"status-publish","4":"format-standard","5":"has-post-thumbnail","7":"category-tv","8":"tag-entertainment","9":"tag-entretenimento","10":"tag-portugal","11":"tag-pt","12":"tag-tv"},"share_on_mastodon":{"url":"https:\/\/pubeurope.com\/@pt\/115460065367802238","error":""},"_links":{"self":[{"href":"https:\/\/www.europesays.com\/pt\/wp-json\/wp\/v2\/posts\/131907","targetHints":{"allow":["GET"]}}],"collection":[{"href":"https:\/\/www.europesays.com\/pt\/wp-json\/wp\/v2\/posts"}],"about":[{"href":"https:\/\/www.europesays.com\/pt\/wp-json\/wp\/v2\/types\/post"}],"author":[{"embeddable":true,"href":"https:\/\/www.europesays.com\/pt\/wp-json\/wp\/v2\/users\/2"}],"replies":[{"embeddable":true,"href":"https:\/\/www.europesays.com\/pt\/wp-json\/wp\/v2\/comments?post=131907"}],"version-history":[{"count":0,"href":"https:\/\/www.europesays.com\/pt\/wp-json\/wp\/v2\/posts\/131907\/revisions"}],"wp:featuredmedia":[{"embeddable":true,"href":"https:\/\/www.europesays.com\/pt\/wp-json\/wp\/v2\/media\/131908"}],"wp:attachment":[{"href":"https:\/\/www.europesays.com\/pt\/wp-json\/wp\/v2\/media?parent=131907"}],"wp:term":[{"taxonomy":"category","embeddable":true,"href":"https:\/\/www.europesays.com\/pt\/wp-json\/wp\/v2\/categories?post=131907"},{"taxonomy":"post_tag","embeddable":true,"href":"https:\/\/www.europesays.com\/pt\/wp-json\/wp\/v2\/tags?post=131907"}],"curies":[{"name":"wp","href":"https:\/\/api.w.org\/{rel}","templated":true}]}}