{"id":131919,"date":"2025-10-29T23:46:12","date_gmt":"2025-10-29T23:46:12","guid":{"rendered":"https:\/\/www.europesays.com\/pt\/131919\/"},"modified":"2025-10-29T23:46:12","modified_gmt":"2025-10-29T23:46:12","slug":"nem-o-dinheiro-escapa-claudio-ramos-revela-acidente-e-culpa-a-filha-secret-story","status":"publish","type":"post","link":"https:\/\/www.europesays.com\/pt\/131919\/","title":{"rendered":"Nem o dinheiro escapa. Cl\u00e1udio Ramos revela acidente e &#8220;culpa&#8221; a filha &#8211; Secret Story"},"content":{"rendered":"<p><strong>Cl\u00e1udio Ramos \u00e9 um pai extremoso e n\u00e3o o esconde<\/strong>. Esta quarta-feira, 29 de outubro, mesmo no fim da emiss\u00e3o do Dois \u00e0s 10, o <a href=\"https:\/\/tvi.iol.pt\/secretstory\/claudio-ramos\/irma\/pensamos-o-pior-claudio-ramos-revela-pormenores-inesperados-sobre-o-desaparecimento-da-irma\" rel=\"nofollow noopener\" target=\"_blank\">apresentador\u00a0decidiu partilhar um epis\u00f3dio caricato <\/a>que viveu recentemente, enquanto fazia uma tarefa dom\u00e9stica: tirar roupa da m\u00e1quina de lavar.<\/p>\n<p>\u00abLavei no outro dia 100\u20ac na m\u00e1quina de lavar roupa, a nota estava dobrada em quatro mas eu consegui que ela se safasse. Duas notas de 50! <strong>Mas a culpa \u00e9 da minha filha, a culpa foi dela, tinha que ter tirado aquilo dos bolsos<\/strong>\u00bb, contou <a href=\"https:\/\/tvi.iol.pt\/secretstory\/search?pagina=3&amp;pesquisa=cl%C3%A1udio%20ramos\" rel=\"nofollow noopener\" target=\"_blank\">Cl\u00e1udio<\/a>, entre risos.<\/p>\n<p>Divertida com a situa\u00e7\u00e3o, <strong>Cristina Ferreira <\/strong>n\u00e3o deixou o colega escapar ileso e atirou que a culpa era, afinal, dele. De seguida, questionou: \u00ab<strong>Mas tu \u00e9 que lavas a roupa da tua filha?\u00bb<\/strong>, quis saber a apresentadora.<\/p>\n<p><a href=\"https:\/\/tvi.iol.pt\/secretstory\/claudio-ramos\/casa-dos-segredos\/claudio-ramos-faz-revelacao-sobre-a-proxima-gala-do-secret-story-comeca-logo-com\" rel=\"nofollow noopener\" target=\"_blank\">Cl\u00e1udio Ramos<\/a> explicou ent\u00e3o que \u00e9 um pai <strong>\u00abmuito extremoso\u00bb<\/strong> com\u00a0 a filha Leonor, de 21 anos.<\/p>\n<p>\u00ab<strong>Eu sou um pai extremoso, levo-lhe as toalhas para a lavandaria e os len\u00e7\u00f3is e tudo <\/strong>(\u2026).<strong> Levo-lhe as compras a casa<\/strong>, ah pois (\u2026). <strong>H\u00e1 um dia em que os filhos j\u00e1 n\u00e3o v\u00e3o querer nada nosso, p\u00f5e isso na cabe\u00e7a<\/strong>! A gente tem que lhes fazer as coisas enquanto eles querem, porque qualquer dia v\u00e3o por a\u00ed fora\u00bb partilhou o apresentador, visivelmente orgulhoso da rela\u00e7\u00e3o pr\u00f3xima que mant\u00e9m com a filha.<\/p>\n","protected":false},"excerpt":{"rendered":"Cl\u00e1udio Ramos \u00e9 um pai extremoso e n\u00e3o o esconde. Esta quarta-feira, 29 de outubro, mesmo no fim&hellip;\n","protected":false},"author":2,"featured_media":131920,"comment_status":"","ping_status":"","sticky":false,"template":"","format":"standard","meta":{"footnotes":""},"categories":[142],"tags":[18706,329,114,115,18705,1127,3972,32,33,151,18704],"class_list":{"0":"post-131919","1":"post","2":"type-post","3":"status-publish","4":"format-standard","5":"has-post-thumbnail","7":"category-tv","8":"tag-bastidores-secret-story","9":"tag-claudio-ramos","10":"tag-entertainment","11":"tag-entretenimento","12":"tag-entrevistas-concorrentes-tvi","13":"tag-filha","14":"tag-leonor","15":"tag-portugal","16":"tag-pt","17":"tag-tv","18":"tag-vida-fora-da-casa"},"share_on_mastodon":{"url":"https:\/\/pubeurope.com\/@pt\/115460124425721830","error":""},"_links":{"self":[{"href":"https:\/\/www.europesays.com\/pt\/wp-json\/wp\/v2\/posts\/131919","targetHints":{"allow":["GET"]}}],"collection":[{"href":"https:\/\/www.europesays.com\/pt\/wp-json\/wp\/v2\/posts"}],"about":[{"href":"https:\/\/www.europesays.com\/pt\/wp-json\/wp\/v2\/types\/post"}],"author":[{"embeddable":true,"href":"https:\/\/www.europesays.com\/pt\/wp-json\/wp\/v2\/users\/2"}],"replies":[{"embeddable":true,"href":"https:\/\/www.europesays.com\/pt\/wp-json\/wp\/v2\/comments?post=131919"}],"version-history":[{"count":0,"href":"https:\/\/www.europesays.com\/pt\/wp-json\/wp\/v2\/posts\/131919\/revisions"}],"wp:featuredmedia":[{"embeddable":true,"href":"https:\/\/www.europesays.com\/pt\/wp-json\/wp\/v2\/media\/131920"}],"wp:attachment":[{"href":"https:\/\/www.europesays.com\/pt\/wp-json\/wp\/v2\/media?parent=131919"}],"wp:term":[{"taxonomy":"category","embeddable":true,"href":"https:\/\/www.europesays.com\/pt\/wp-json\/wp\/v2\/categories?post=131919"},{"taxonomy":"post_tag","embeddable":true,"href":"https:\/\/www.europesays.com\/pt\/wp-json\/wp\/v2\/tags?post=131919"}],"curies":[{"name":"wp","href":"https:\/\/api.w.org\/{rel}","templated":true}]}}