{"id":131937,"date":"2025-10-30T00:08:24","date_gmt":"2025-10-30T00:08:24","guid":{"rendered":"https:\/\/www.europesays.com\/pt\/131937\/"},"modified":"2025-10-30T00:08:24","modified_gmt":"2025-10-30T00:08:24","slug":"extremamente-perigoso-furacao-melissa-atinge-cuba-apos-devastar-costa-da-jamaica","status":"publish","type":"post","link":"https:\/\/www.europesays.com\/pt\/131937\/","title":{"rendered":"&#8220;Extremamente perigoso&#8221;. Furac\u00e3o Melissa atinge Cuba ap\u00f3s devastar costa da Jamaica"},"content":{"rendered":"<p>                <b>&#8220;O furac\u00e3o Melissa, extremamente perigoso, atinge a costa sudeste de Cuba&#8221;<\/b>, indicou o site do Centro Nacional de Furac\u00f5es dos Estados Unidos (NHC). &#8220;Dever\u00e1 permanecer um furac\u00e3o poderoso ao atravessar Cuba, as Bahamas e os arredores das Bermudas&#8221;.<\/p>\n<p>&#8220;Esta manh\u00e3 continuam a ocorrer <b>tempestades com risco de vida, inunda\u00e7\u00f5es repentinas e deslizamentos de terra<\/b>, assim como ventos devastadores&#8221;, acrescentou. A tempestade tem oscilado entre as categorias 3 e 5, a mais elevada na escala de Saffir-Simpson.<\/p>\n<p>O furac\u00e3o atingiu esta manh\u00e3 a costa do leste de Cuba com ventos de aproximadamente 200 quil\u00f3metros por hora. Quando passou pela Jamaica, chegou a provocar ventos de 300 quil\u00f3metros por hora, tornando-se na <b>tempestade tropical mais poderosa deste ano em todo o mundo<\/b>, segundo dados da Ag\u00eancia Americana de Observa\u00e7\u00e3o Oce\u00e2nica e Atmosf\u00e9rica (NOAA).<\/p>\n<p>\u00c9 preciso recuar at\u00e9 2023, quando ocorreu o tuf\u00e3o Mawar, para encontrar uma tempestade t\u00e3o intensa em termos de velocidade dos ventos e press\u00e3o. O furac\u00e3o \u00e9 tamb\u00e9m o mais poderoso que j\u00e1 atingiu a Jamaica desde o in\u00edcio dos registos meteorol\u00f3gicos nesse pa\u00eds.Mais de 700 mil pessoas desalojadas em Cuba<br \/>&#13;\n<\/p>\n<p>Segundo as autoridades cubanas, cerca de <b>735 mil pessoas foram retiradas das suas habita\u00e7\u00f5es<\/b>, especialmente nas prov\u00edncias de Santiago de Cuba, Holgu\u00edn e Guant\u00e1namo.<br \/>\n          <img decoding=\"async\" itemprop=\"image\" class=\"img-fluid\"   src=\"https:\/\/www.europesays.com\/pt\/wp-content\/uploads\/2025\/10\/b6ab1fc4fafc3243a0ef171f946609fd_N.jpg\"\/><\/p>\n<p>Em El Cobre, uma cidade de Santiago de Cuba, a Prote\u00e7\u00e3o Civil teve de resgatar 17 pessoas presas devidos \u00e0s cheias e deslizamentos de terras, segundo o jornal estatal Granma.<\/p>\n<p>\nAs autoridades locais declararam entranto o estado de alerta em seis prov\u00edncias do leste, onde desde segunda-feira os habitantes armazenavam alimentos, velas e pilhas.<\/p>\n<p><b>&#8220;Compr\u00e1mos p\u00e3o, esparguete, carne picada. Este ciclone \u00e9 grave, mas vamos sobreviver&#8221;<\/b>, disse \u00e0 ag\u00eancia France-Presse Graciela Lamaison, habitante de Santiago de Cuba.<\/p>\n<p>No Haiti, a leste de Cuba, as autoridades ordenaram o encerramento de escolas, com\u00e9rcio e servi\u00e7os p\u00fablicos.<\/p>\n<p>Segundo os especialistas, os furac\u00f5es est\u00e3o a intensificar-se mais rapidamente e com maior frequ\u00eancia como resultado do aquecimento das \u00e1guas oce\u00e2nicas, causado pelas emiss\u00f5es de gases de efeito estufa.<\/p>\n<p>c\/ ag\u00eancias&#13;\n            <\/p>\n","protected":false},"excerpt":{"rendered":"&#8220;O furac\u00e3o Melissa, extremamente perigoso, atinge a costa sudeste de Cuba&#8221;, indicou o site do Centro Nacional de&hellip;\n","protected":false},"author":2,"featured_media":131938,"comment_status":"","ping_status":"","sticky":false,"template":"","format":"standard","meta":{"footnotes":""},"categories":[50],"tags":[27,28,2535,15,16,20336,14,7552,25,26,21,22,29517,62,12,13,19,20,23,24,20982,17,18,29,30,31,63,64,65],"class_list":{"0":"post-131937","1":"post","2":"type-post","3":"status-publish","4":"format-standard","5":"has-post-thumbnail","7":"category-mundo","8":"tag-breaking-news","9":"tag-breakingnews","10":"tag-cuba","11":"tag-featured-news","12":"tag-featurednews","13":"tag-furacao","14":"tag-headlines","15":"tag-jamaica","16":"tag-latest-news","17":"tag-latestnews","18":"tag-main-news","19":"tag-mainnews","20":"tag-melissa","21":"tag-mundo","22":"tag-news","23":"tag-noticias","24":"tag-noticias-principais","25":"tag-noticiasprincipais","26":"tag-principais-noticias","27":"tag-principaisnoticias","28":"tag-tempestade","29":"tag-top-stories","30":"tag-topstories","31":"tag-ultimas","32":"tag-ultimas-noticias","33":"tag-ultimasnoticias","34":"tag-world","35":"tag-world-news","36":"tag-worldnews"},"share_on_mastodon":{"url":"https:\/\/pubeurope.com\/@pt\/115460211020075869","error":""},"_links":{"self":[{"href":"https:\/\/www.europesays.com\/pt\/wp-json\/wp\/v2\/posts\/131937","targetHints":{"allow":["GET"]}}],"collection":[{"href":"https:\/\/www.europesays.com\/pt\/wp-json\/wp\/v2\/posts"}],"about":[{"href":"https:\/\/www.europesays.com\/pt\/wp-json\/wp\/v2\/types\/post"}],"author":[{"embeddable":true,"href":"https:\/\/www.europesays.com\/pt\/wp-json\/wp\/v2\/users\/2"}],"replies":[{"embeddable":true,"href":"https:\/\/www.europesays.com\/pt\/wp-json\/wp\/v2\/comments?post=131937"}],"version-history":[{"count":0,"href":"https:\/\/www.europesays.com\/pt\/wp-json\/wp\/v2\/posts\/131937\/revisions"}],"wp:featuredmedia":[{"embeddable":true,"href":"https:\/\/www.europesays.com\/pt\/wp-json\/wp\/v2\/media\/131938"}],"wp:attachment":[{"href":"https:\/\/www.europesays.com\/pt\/wp-json\/wp\/v2\/media?parent=131937"}],"wp:term":[{"taxonomy":"category","embeddable":true,"href":"https:\/\/www.europesays.com\/pt\/wp-json\/wp\/v2\/categories?post=131937"},{"taxonomy":"post_tag","embeddable":true,"href":"https:\/\/www.europesays.com\/pt\/wp-json\/wp\/v2\/tags?post=131937"}],"curies":[{"name":"wp","href":"https:\/\/api.w.org\/{rel}","templated":true}]}}