{"id":131939,"date":"2025-10-30T00:10:14","date_gmt":"2025-10-30T00:10:14","guid":{"rendered":"https:\/\/www.europesays.com\/pt\/131939\/"},"modified":"2025-10-30T00:10:14","modified_gmt":"2025-10-30T00:10:14","slug":"casal-de-idosos-morreu-ao-cair-nas-escadas-de-casa-em-viana-do-castelo","status":"publish","type":"post","link":"https:\/\/www.europesays.com\/pt\/131939\/","title":{"rendered":"Casal de idosos morreu ao cair nas escadas de casa em Viana do Castelo"},"content":{"rendered":"<p>Joaquim Pires, de 83 anos, e Ant\u00f3nia Sousa, de 78, um casal de antigos agricultores de Carre\u00e7o, Viana do Castelo, tiveram um fim tr\u00e1gico ao cair juntos das escadas de casa. As autoridades referem que n\u00e3o foram encontrados ind\u00edcios de crime. A situa\u00e7\u00e3o, que tudo indica ter-se tratado de um incidente dom\u00e9stico, provavelmente associado a problemas de locomo\u00e7\u00e3o do homem, deixou em choque familiares e vizinhan\u00e7a.<\/p>\n","protected":false},"excerpt":{"rendered":"Joaquim Pires, de 83 anos, e Ant\u00f3nia Sousa, de 78, um casal de antigos agricultores de Carre\u00e7o, Viana&hellip;\n","protected":false},"author":2,"featured_media":131940,"comment_status":"","ping_status":"","sticky":false,"template":"","format":"standard","meta":{"footnotes":""},"categories":[8],"tags":[27,28,21514,15,16,14,25,26,21,22,1437,12,13,19,20,32,23,24,33,17,18,29,30,31],"class_list":{"0":"post-131939","1":"post","2":"type-post","3":"status-publish","4":"format-standard","5":"has-post-thumbnail","7":"category-principais-noticias","8":"tag-breaking-news","9":"tag-breakingnews","10":"tag-concelho-viana-do-castelo","11":"tag-featured-news","12":"tag-featurednews","13":"tag-headlines","14":"tag-latest-news","15":"tag-latestnews","16":"tag-main-news","17":"tag-mainnews","18":"tag-morte","19":"tag-news","20":"tag-noticias","21":"tag-noticias-principais","22":"tag-noticiasprincipais","23":"tag-portugal","24":"tag-principais-noticias","25":"tag-principaisnoticias","26":"tag-pt","27":"tag-top-stories","28":"tag-topstories","29":"tag-ultimas","30":"tag-ultimas-noticias","31":"tag-ultimasnoticias"},"share_on_mastodon":{"url":"https:\/\/pubeurope.com\/@pt\/115460218821570953","error":""},"_links":{"self":[{"href":"https:\/\/www.europesays.com\/pt\/wp-json\/wp\/v2\/posts\/131939","targetHints":{"allow":["GET"]}}],"collection":[{"href":"https:\/\/www.europesays.com\/pt\/wp-json\/wp\/v2\/posts"}],"about":[{"href":"https:\/\/www.europesays.com\/pt\/wp-json\/wp\/v2\/types\/post"}],"author":[{"embeddable":true,"href":"https:\/\/www.europesays.com\/pt\/wp-json\/wp\/v2\/users\/2"}],"replies":[{"embeddable":true,"href":"https:\/\/www.europesays.com\/pt\/wp-json\/wp\/v2\/comments?post=131939"}],"version-history":[{"count":0,"href":"https:\/\/www.europesays.com\/pt\/wp-json\/wp\/v2\/posts\/131939\/revisions"}],"wp:featuredmedia":[{"embeddable":true,"href":"https:\/\/www.europesays.com\/pt\/wp-json\/wp\/v2\/media\/131940"}],"wp:attachment":[{"href":"https:\/\/www.europesays.com\/pt\/wp-json\/wp\/v2\/media?parent=131939"}],"wp:term":[{"taxonomy":"category","embeddable":true,"href":"https:\/\/www.europesays.com\/pt\/wp-json\/wp\/v2\/categories?post=131939"},{"taxonomy":"post_tag","embeddable":true,"href":"https:\/\/www.europesays.com\/pt\/wp-json\/wp\/v2\/tags?post=131939"}],"curies":[{"name":"wp","href":"https:\/\/api.w.org\/{rel}","templated":true}]}}