{"id":131943,"date":"2025-10-30T00:14:33","date_gmt":"2025-10-30T00:14:33","guid":{"rendered":"https:\/\/www.europesays.com\/pt\/131943\/"},"modified":"2025-10-30T00:14:33","modified_gmt":"2025-10-30T00:14:33","slug":"o-lado-mais-ternurento-de-bruno-de-carvalho-finalmente-revelado-esta-e-a-declaracao-de-amor-que-esta-a-derreter-tudo-e-todos-secret-story","status":"publish","type":"post","link":"https:\/\/www.europesays.com\/pt\/131943\/","title":{"rendered":"O lado mais ternurento de Bruno de Carvalho finalmente revelado. Esta \u00e9 a declara\u00e7\u00e3o de amor que est\u00e1 a derreter tudo e todos &#8211; Secret Story"},"content":{"rendered":"<p data-end=\"575\" data-start=\"287\">Bruno de Carvalho voltou a encantar os seguidores ao partilhar, no Instagram, um registo especial vivido ao lado das tr\u00eas filhas, Ana Catarina, Diana e Leonor. O antigo presidente do Sporting passou uma tarde divertida no Jump Yard, um parque de trampolins em Lisboa, e fez quest\u00e3o de partilhar o momento com os f\u00e3s, atrav\u00e9s do Instagram.<\/p>\n<p data-end=\"802\" data-start=\"577\">Na fotografia publicada, Bruno surge sorridente, na companhia das filhas, num ambiente descontra\u00eddo e repleto de cumplicidade. <strong>\u00abCada vez as amo mais\u00bb<\/strong>, escreveu na legenda, deixando clara a forte liga\u00e7\u00e3o e o amor que os une.<\/p>\n<blockquote class=\"instagram-media\" data-instgrm-captioned=\"\" data-instgrm-permalink=\"https:\/\/www.instagram.com\/p\/DQSY6DTjBj0\/?utm_source=ig_embed&amp;utm_campaign=loading\" data-instgrm-version=\"14\" style=\" background:#FFF; border:0; border-radius:3px; box-shadow:0 0 1px 0 rgba(0,0,0,0.5),0 1px 10px 0 rgba(0,0,0,0.15); margin: 1px; max-width:540px; min-width:326px; padding:0; width:99.375%; width:-webkit-calc(100% - 2px); width:calc(100% - 2px);\">\n<\/blockquote>\n<p data-end=\"1042\" data-start=\"804\">A publica\u00e7\u00e3o rapidamente conquistou dezenas de coment\u00e1rios e rea\u00e7\u00f5es de carinho, com muitos seguidores a elogiarem a rela\u00e7\u00e3o pr\u00f3xima que Bruno mant\u00e9m com as filhas: \u00abLinda fam\u00edlia\u00bb, \u00abCompanheiras lindas\u00bb e \u00abMeninas lindas e um pai babado\u00bb. pode ler-se.<\/p>\n<p data-end=\"1399\" data-start=\"1044\">\u00a0<\/p>\n<p>                        <script async src=\"\/\/www.instagram.com\/embed.js\"><\/script><\/p>\n","protected":false},"excerpt":{"rendered":"Bruno de Carvalho voltou a encantar os seguidores ao partilhar, no Instagram, um registo especial vivido ao lado&hellip;\n","protected":false},"author":2,"featured_media":131944,"comment_status":"","ping_status":"","sticky":false,"template":"","format":"standard","meta":{"footnotes":""},"categories":[142],"tags":[18706,341,114,115,18705,32,33,151,18704],"class_list":{"0":"post-131943","1":"post","2":"type-post","3":"status-publish","4":"format-standard","5":"has-post-thumbnail","7":"category-tv","8":"tag-bastidores-secret-story","9":"tag-bruno-de-carvalho","10":"tag-entertainment","11":"tag-entretenimento","12":"tag-entrevistas-concorrentes-tvi","13":"tag-portugal","14":"tag-pt","15":"tag-tv","16":"tag-vida-fora-da-casa"},"share_on_mastodon":{"url":"https:\/\/pubeurope.com\/@pt\/115460234470648768","error":""},"_links":{"self":[{"href":"https:\/\/www.europesays.com\/pt\/wp-json\/wp\/v2\/posts\/131943","targetHints":{"allow":["GET"]}}],"collection":[{"href":"https:\/\/www.europesays.com\/pt\/wp-json\/wp\/v2\/posts"}],"about":[{"href":"https:\/\/www.europesays.com\/pt\/wp-json\/wp\/v2\/types\/post"}],"author":[{"embeddable":true,"href":"https:\/\/www.europesays.com\/pt\/wp-json\/wp\/v2\/users\/2"}],"replies":[{"embeddable":true,"href":"https:\/\/www.europesays.com\/pt\/wp-json\/wp\/v2\/comments?post=131943"}],"version-history":[{"count":0,"href":"https:\/\/www.europesays.com\/pt\/wp-json\/wp\/v2\/posts\/131943\/revisions"}],"wp:featuredmedia":[{"embeddable":true,"href":"https:\/\/www.europesays.com\/pt\/wp-json\/wp\/v2\/media\/131944"}],"wp:attachment":[{"href":"https:\/\/www.europesays.com\/pt\/wp-json\/wp\/v2\/media?parent=131943"}],"wp:term":[{"taxonomy":"category","embeddable":true,"href":"https:\/\/www.europesays.com\/pt\/wp-json\/wp\/v2\/categories?post=131943"},{"taxonomy":"post_tag","embeddable":true,"href":"https:\/\/www.europesays.com\/pt\/wp-json\/wp\/v2\/tags?post=131943"}],"curies":[{"name":"wp","href":"https:\/\/api.w.org\/{rel}","templated":true}]}}