{"id":131951,"date":"2025-10-30T00:24:11","date_gmt":"2025-10-30T00:24:11","guid":{"rendered":"https:\/\/www.europesays.com\/pt\/131951\/"},"modified":"2025-10-30T00:24:11","modified_gmt":"2025-10-30T00:24:11","slug":"taca-da-liga-benfica-3-0-tondela-jogo-terminado","status":"publish","type":"post","link":"https:\/\/www.europesays.com\/pt\/131951\/","title":{"rendered":"Ta\u00e7a da Liga: Benfica 3-0 Tondela (jogo terminado)"},"content":{"rendered":"\n<p>\n    \ud83d\udd34 Onze do Benfica\n  <\/p>\n<p>\n    Samuel Soares, Aursnes, Ant\u00f3nio Silva, Otamendi, Dahl; Enzo, Barreiro, Sudakov; Schjelderup, Ivanovic e Lukebakio\n  <\/p>\n<p> <b>Suplentes:\u00a0<\/b>Trubin, Obrador, Pavlidis, R\u00edos, Prestianni, Henrique Ara\u00fajo, Tom\u00e1s Ara\u00fajo, Jo\u00e3o Veloso e Jo\u00e3o Rego\n  <\/p>\n<p>\n    \ud83d\udfe2 Onze do Tondela\u00a0\n  <\/p>\n<p>\n    Ca\u00f1izares, Tiago Manso, Jo\u00e3o Afonso, Medina, Vita; H\u00e9lder Tavares, Hodge, Hugo F\u00e9lix; Yarlen, Rodr\u00edguez e Afonso Rodrigues\n  <\/p>\n<p>\n    Suplentes:\u00a0Gabriel Souza, Bebeto, Christian Marques, Ceitil, Pedro Maranh\u00e3o, Rony Lopes, Jordy, Juanse e Maviram\n  <\/p>\n","protected":false},"excerpt":{"rendered":"\ud83d\udd34 Onze do Benfica Samuel Soares, Aursnes, Ant\u00f3nio Silva, Otamendi, Dahl; Enzo, Barreiro, Sudakov; Schjelderup, Ivanovic e Lukebakio&hellip;\n","protected":false},"author":2,"featured_media":131952,"comment_status":"","ping_status":"","sticky":false,"template":"","format":"standard","meta":{"footnotes":""},"categories":[8],"tags":[609,836,611,51,29836,27,28,607,608,333,832,604,135,610,476,15,16,301,830,14,1385,603,25,26,570,21,22,831,833,62,834,12,13,19,20,6925,835,602,52,32,23,24,33,5344,8136,17,18,29,30,31],"class_list":{"0":"post-131951","1":"post","2":"type-post","3":"status-publish","4":"format-standard","5":"has-post-thumbnail","7":"category-principais-noticias","8":"tag-alerta","9":"tag-analise","10":"tag-ao-minuto","11":"tag-benfica","12":"tag-benfica-tondela","13":"tag-breaking-news","14":"tag-breakingnews","15":"tag-cnn","16":"tag-cnn-portugal","17":"tag-comentadores","18":"tag-costa","19":"tag-crime","20":"tag-desporto","21":"tag-direto","22":"tag-economia","23":"tag-featured-news","24":"tag-featurednews","25":"tag-governo","26":"tag-guerra","27":"tag-headlines","28":"tag-jose-mourinho","29":"tag-justica","30":"tag-latest-news","31":"tag-latestnews","32":"tag-live","33":"tag-main-news","34":"tag-mainnews","35":"tag-mais-vistas","36":"tag-marcelo","37":"tag-mundo","38":"tag-negocios","39":"tag-news","40":"tag-noticias","41":"tag-noticias-principais","42":"tag-noticiasprincipais","43":"tag-onze-benfica","44":"tag-opiniao","45":"tag-pais","46":"tag-politica","47":"tag-portugal","48":"tag-principais-noticias","49":"tag-principaisnoticias","50":"tag-pt","51":"tag-taca-da-liga","52":"tag-tondela","53":"tag-top-stories","54":"tag-topstories","55":"tag-ultimas","56":"tag-ultimas-noticias","57":"tag-ultimasnoticias"},"share_on_mastodon":{"url":"","error":"Validation failed: Text character limit of 500 exceeded"},"_links":{"self":[{"href":"https:\/\/www.europesays.com\/pt\/wp-json\/wp\/v2\/posts\/131951","targetHints":{"allow":["GET"]}}],"collection":[{"href":"https:\/\/www.europesays.com\/pt\/wp-json\/wp\/v2\/posts"}],"about":[{"href":"https:\/\/www.europesays.com\/pt\/wp-json\/wp\/v2\/types\/post"}],"author":[{"embeddable":true,"href":"https:\/\/www.europesays.com\/pt\/wp-json\/wp\/v2\/users\/2"}],"replies":[{"embeddable":true,"href":"https:\/\/www.europesays.com\/pt\/wp-json\/wp\/v2\/comments?post=131951"}],"version-history":[{"count":0,"href":"https:\/\/www.europesays.com\/pt\/wp-json\/wp\/v2\/posts\/131951\/revisions"}],"wp:featuredmedia":[{"embeddable":true,"href":"https:\/\/www.europesays.com\/pt\/wp-json\/wp\/v2\/media\/131952"}],"wp:attachment":[{"href":"https:\/\/www.europesays.com\/pt\/wp-json\/wp\/v2\/media?parent=131951"}],"wp:term":[{"taxonomy":"category","embeddable":true,"href":"https:\/\/www.europesays.com\/pt\/wp-json\/wp\/v2\/categories?post=131951"},{"taxonomy":"post_tag","embeddable":true,"href":"https:\/\/www.europesays.com\/pt\/wp-json\/wp\/v2\/tags?post=131951"}],"curies":[{"name":"wp","href":"https:\/\/api.w.org\/{rel}","templated":true}]}}