{"id":131965,"date":"2025-10-30T00:42:08","date_gmt":"2025-10-30T00:42:08","guid":{"rendered":"https:\/\/www.europesays.com\/pt\/131965\/"},"modified":"2025-10-30T00:42:08","modified_gmt":"2025-10-30T00:42:08","slug":"marisa-susana-desabafa-com-voz-tremula-ele-quis-ser-mau-secret-story","status":"publish","type":"post","link":"https:\/\/www.europesays.com\/pt\/131965\/","title":{"rendered":"Marisa Susana desabafa com voz tr\u00e9mula: \u00abEle quis ser mau\u00bb &#8211; Secret Story"},"content":{"rendered":"<p style=\"margin-bottom:11px\">No Secret Story 9, ap\u00f3s o pol\u00e9mico momento entre Bruno e Marisa Susana, a casa ficou dividida. Dylan afirma que Marisa Susana conseguiu o que queria: mais uma vez, colocar-se no papel de v\u00edtima. Do outro lado, Marisa defende que o grupo de Marisa Susana tamb\u00e9m n\u00e3o agiu bem. Os \u00e2nimos voltam a subir, desta vez entre Pedro e Marisa, por diverg\u00eancias de opini\u00e3o. Na cozinha, a atitude de Pedro \u00e9 comentada por Bruna, Ana, Ana Cristina e Raquel, que apontam que ele se imp\u00f5e frente \u00e0s mulheres, mas n\u00e3o enfrenta os homens.<\/p>\n<p>A noite anterior foi marcada pelo<a href=\"https:\/\/tvi.iol.pt\/secretstory\/videos\/o-momento-da-farinha-que-todos-falam-bruno-e-marisa-susana-envolvem-se-num-confronto-aceso\/6901dec10cf29d28d829a0c3\" wbo-id=\"19\" rel=\"nofollow noopener\" target=\"_blank\">\u00a0momento in\u00e9dito e tenso entre Bruno Sim\u00e3o e Marisa Susana.<\/a>\u00a0Marisa Susana e Bruno entraram em confronto por causa de uma ta\u00e7a de farinha. Em causa est\u00e1 uma ta\u00e7a com farinha que Marisa Susana queria usar para fazer p\u00e3o, mas Bruno n\u00e3o deixou porque alega que a farinha \u00e9 do seu grupo. O clima aqueceu!\u00a0<a href=\"https:\/\/tvi.iol.pt\/secretstory\/videos\/a-farinha-no-centro-da-polemica-apos-confronto-intenso-com-bruno-marisa-susana-acaba-em-lagrimas\/6901e26b0cf29d28d829a0cd\" wbo-id=\"20\" rel=\"nofollow noopener\" target=\"_blank\">Ap\u00f3s esse momento carregado de tens\u00e3o, Marisa Susana acabou em l\u00e1grimas e foi reconfortada pelos amigos.<\/a>\u00a0No quarto azul,\u00a0<a href=\"https:\/\/tvi.iol.pt\/secretstory\/videos\/o-braco-esta-arranhado-liliana-repara-em-marisa-susana-apos-caos-protagonizado-com-bruno\/6901e70f0cf29d28d829a0d6\" wbo-id=\"21\" rel=\"nofollow noopener\" target=\"_blank\">Liliana reparou no bra\u00e7o de Marisa Susana<\/a>\u00a0e fez um coment\u00e1rio. C\u00e1 fora, j\u00e1 s\u00f3 rodeada de Marisa e Leandro,\u00a0<a href=\"https:\/\/tvi.iol.pt\/secretstory\/videos\/com-os-olhos-esbugalhados-para-mim-ia-fazer-o-que-ele-nao-me-agarra-marisa-susana-reage-a-tensao-com-bruno\/6901f1080cf285ab53a6d4ac\" wbo-id=\"22\" rel=\"nofollow noopener\" target=\"_blank\">Marisa Susana desabafou e reagiu ao momento carregado de tens\u00e3o que viveu com Bruno Sim\u00e3o.<\/a><\/p>\n<p><strong>H\u00e1 seis concorrentes em risco de expuls\u00e3o no pr\u00f3ximo domingo:<\/strong><\/p>\n<p>ANA \u2013 761 20 20 01<br \/>BRUNO \u2013 761 20 20 04<br \/>MARIANA \u2013 761 20 20 15<br \/>MARISA \u2013 761 20 20 16<br \/>MARISA SUSANA \u2013 761 20 20 17<br \/>PEDRO \u2013 761 20 20 18<\/p>\n<p><a href=\"https:\/\/tvi.iol.pt\/secretstory\/aominuto\" wbo-id=\"23\" rel=\"nofollow noopener\" target=\"_blank\">Acompanhe aqui tudo o que se passa na casa ao minuto!<\/a><\/p>\n","protected":false},"excerpt":{"rendered":"No Secret Story 9, ap\u00f3s o pol\u00e9mico momento entre Bruno e Marisa Susana, a casa ficou dividida. Dylan&hellip;\n","protected":false},"author":2,"featured_media":131966,"comment_status":"","ping_status":"","sticky":false,"template":"","format":"standard","meta":{"footnotes":""},"categories":[142],"tags":[3768,114,115,19033,19153,19034,32,33,151,19032],"class_list":{"0":"post-131965","1":"post","2":"type-post","3":"status-publish","4":"format-standard","5":"has-post-thumbnail","7":"category-tv","8":"tag-bruno","9":"tag-entertainment","10":"tag-entretenimento","11":"tag-galas-em-video","12":"tag-marisa-susana","13":"tag-melhores-momentos-casa-dos-segredos","14":"tag-portugal","15":"tag-pt","16":"tag-tv","17":"tag-videos-secret-story-tvi"},"share_on_mastodon":{"url":"https:\/\/pubeurope.com\/@pt\/115460344586125178","error":""},"_links":{"self":[{"href":"https:\/\/www.europesays.com\/pt\/wp-json\/wp\/v2\/posts\/131965","targetHints":{"allow":["GET"]}}],"collection":[{"href":"https:\/\/www.europesays.com\/pt\/wp-json\/wp\/v2\/posts"}],"about":[{"href":"https:\/\/www.europesays.com\/pt\/wp-json\/wp\/v2\/types\/post"}],"author":[{"embeddable":true,"href":"https:\/\/www.europesays.com\/pt\/wp-json\/wp\/v2\/users\/2"}],"replies":[{"embeddable":true,"href":"https:\/\/www.europesays.com\/pt\/wp-json\/wp\/v2\/comments?post=131965"}],"version-history":[{"count":0,"href":"https:\/\/www.europesays.com\/pt\/wp-json\/wp\/v2\/posts\/131965\/revisions"}],"wp:featuredmedia":[{"embeddable":true,"href":"https:\/\/www.europesays.com\/pt\/wp-json\/wp\/v2\/media\/131966"}],"wp:attachment":[{"href":"https:\/\/www.europesays.com\/pt\/wp-json\/wp\/v2\/media?parent=131965"}],"wp:term":[{"taxonomy":"category","embeddable":true,"href":"https:\/\/www.europesays.com\/pt\/wp-json\/wp\/v2\/categories?post=131965"},{"taxonomy":"post_tag","embeddable":true,"href":"https:\/\/www.europesays.com\/pt\/wp-json\/wp\/v2\/tags?post=131965"}],"curies":[{"name":"wp","href":"https:\/\/api.w.org\/{rel}","templated":true}]}}