{"id":131988,"date":"2025-10-30T01:14:07","date_gmt":"2025-10-30T01:14:07","guid":{"rendered":"https:\/\/www.europesays.com\/pt\/131988\/"},"modified":"2025-10-30T01:14:07","modified_gmt":"2025-10-30T01:14:07","slug":"entenda-por-que-vacinas-tem-menos-efeito-em-idosos-29-10-2025-equilibrio-e-saude","status":"publish","type":"post","link":"https:\/\/www.europesays.com\/pt\/131988\/","title":{"rendered":"Entenda por que vacinas t\u00eam menos efeito em idosos &#8211; 29\/10\/2025 &#8211; Equil\u00edbrio e Sa\u00fade"},"content":{"rendered":"<p>Um <a href=\"https:\/\/www.nature.com\/articles\/s41586-025-09686-5\" target=\"_blank\" rel=\"nofollow noopener\">novo estudo publicado nesta quarta-feira (29)<\/a> encontrou uma resposta das raz\u00f5es por que a <a href=\"https:\/\/www1.folha.uol.com.br\/equilibrioesaude\/2025\/05\/prefeitura-de-sao-paulo-ofertara-vacina-contra-gripe-para-toda-populacao-acima-de-6-meses-tire-duvidas.shtml\" rel=\"nofollow noopener\" target=\"_blank\">vacina da gripe<\/a> n\u00e3o desenvolve uma resposta imune t\u00e3o boa em pessoas mais velhas como ocorre com jovens. Segundo os autores do artigo, isso ocorre por conta de mudan\u00e7as naturais do organismo humano frente ao <a href=\"https:\/\/www1.folha.uol.com.br\/folha-topicos\/envelhecimento\/\" rel=\"nofollow noopener\" target=\"_blank\">envelhecimento<\/a>. Essas descobertas da pesquisa podem ser \u00fateis para reverter tais altera\u00e7\u00f5es de forma a melhorar o efeito dos imunizantes.<\/p>\n<p>A pesquisa, veiculada na revista Nature, incluiu inicialmente 300 participantes adultos, com idade entre 25 e 90 anos. Esses indiv\u00edduos passaram por sequenciamentos de RNA, t\u00e9cnica que permite examinar a express\u00e3o gen\u00e9tica \u2013nesse caso, com enfoque na <a href=\"https:\/\/www1.folha.uol.com.br\/ciencia\/2025\/10\/entenda-como-nosso-sistema-imunologico-evita-atacar-o-proprio-organismo.shtml\" rel=\"nofollow noopener\" target=\"_blank\">atividade imunol\u00f3gica<\/a>. Desse total, 96 foram acompanhados por dois anos, per\u00edodo em que foram vacinados contra a gripe.<\/p>\n<p>Essa an\u00e1lise gerou um banco de dados com informa\u00e7\u00f5es do sequenciamento de mais de 16 milh\u00f5es de c\u00e9lulas. Esse material foi dividido em 71 subconjuntos, em que cada um se refere a um subtipo de c\u00e9lula do <a href=\"https:\/\/www1.folha.uol.com.br\/equilibrioesaude\/2024\/11\/como-alcancar-a-boa-imunidade-saiba-quais-sao-os-quatro-pilares-que-afetam-o-combate-a-infeccoes.shtml\" rel=\"nofollow noopener\" target=\"_blank\">sistema imune<\/a>.<\/p>\n<p>Foi a partir desse montante de dados que os pesquisadores observaram por que o sistema imunol\u00f3gico perde sua capacidade com o envelhecimento, com enfoque no caso das vacinas. Cristina Bonorino, imunologista e professora titular da UFCSPA (Universidade Federal de Ci\u00eancias da Sa\u00fade de Porto Alegre), afirma que o tema j\u00e1 \u00e9 antigo, com artigos sendo publicados sobre o assunto h\u00e1 cerca de 30 anos. A novidade do estudo rec\u00e9m-publicado foi utilizar t\u00e9cnicas modernas, continua a professora, que n\u00e3o participou da pesquisa.<\/p>\n<p>Foi por meio dessas t\u00e9cnicas inovadoras que os autores do artigo observaram altera\u00e7\u00f5es que ocorrem nas c\u00e9lulas T com o <a href=\"https:\/\/www1.folha.uol.com.br\/equilibrio\/2024\/10\/humanos-podem-ja-ter-alcancado-o-limite-da-expectativa-de-vida-dizem-especialistas.shtml\" rel=\"nofollow noopener\" target=\"_blank\">avan\u00e7o da idade<\/a>. Essas c\u00e9lulas s\u00e3o importantes para o sistema imunol\u00f3gico por estruturar a resposta de outras c\u00e9lulas, como a do tipo B, frente a uma infec\u00e7\u00e3o. Mas os pesquisadores observaram que as c\u00e9lulas T apresentaram mudan\u00e7as gen\u00e9ticas entre aqueles com cerca de 65 anos ou mais que prejudicam a capacidade de resposta destas c\u00e9lulas frente a pat\u00f3genos. Isso, por consequ\u00eancia, tamb\u00e9m impacta a <a href=\"https:\/\/www1.folha.uol.com.br\/equilibrioesaude\/2023\/04\/dormir-bem-ajuda-corpo-a-produzir-anticorpos-apos-vacina.shtml\" rel=\"nofollow noopener\" target=\"_blank\">produ\u00e7\u00e3o de anticorpos<\/a> pelas c\u00e9lulas B. Os pesquisadores observaram que esse cen\u00e1rio tamb\u00e9m ocorre frente \u00e0 vacina\u00e7\u00e3o.<\/p>\n<p>Imunizantes contam com ant\u00edgenos, subst\u00e2ncias que estimulam o sistema imune a produzir a resposta contra pat\u00f3genos. \u00c9 a partir desse reconhecimento dos ant\u00edgenos que a imunidade \u00e9 estabelecida. Mas a conclus\u00e3o do estudo \u00e9 que a mudan\u00e7a gen\u00e9tica vista nas c\u00e9lulas T em pessoas mais velhas leva a uma defici\u00eancia no reconhecimento dos ant\u00edgenos. Essa incapacidade representa um problema no fluxo de a\u00e7\u00f5es necess\u00e1rias para gerar a <a href=\"https:\/\/www1.folha.uol.com.br\/equilibrioesaude\/2021\/06\/coronavac-e-segura-e-induz-resposta-imune-em-criancas-a-partir-de-tres-anos-confirma-estudo.shtml\" rel=\"nofollow noopener\" target=\"_blank\">resposta imune a partir de vacinas<\/a>.<\/p>\n<p>Os autores do estudo apontam que esse resultado mostra a import\u00e2ncia de considerar a idade quando se pensa no <a href=\"https:\/\/www1.folha.uol.com.br\/equilibrioesaude\/2025\/01\/apesar-de-avancos-brasil-ainda-tem-dificuldade-para-desenvolver-e-produzir-suas-proprias-vacinas.shtml\" rel=\"nofollow noopener\" target=\"_blank\">desenvolvimento de vacinas<\/a>. Renato Kfouri, vice-presidente da Sociedade Brasileira de Imuniza\u00e7\u00f5es (Sbim), defende uma posi\u00e7\u00e3o parecida. Ele afirma que os <a href=\"https:\/\/www1.folha.uol.com.br\/opiniao\/2025\/04\/envelhecimento-tambem-e-assunto-de-jovem.shtml\" rel=\"nofollow noopener\" target=\"_blank\">efeitos do envelhecimento<\/a> no sistema imunol\u00f3gico j\u00e1 s\u00e3o reconhecidos, colocando a popula\u00e7\u00e3o mais velha em uma posi\u00e7\u00e3o de vulnerabilidade.<\/p>\n<p>O mesmo vale para imunizantes. &#8220;As vacinas em geral t\u00eam performances reduzidas quando comparamos indiv\u00edduos jovens com idosos&#8221;, resume.<\/p>\n<p>Kfouri aponta que esse cen\u00e1rio deveria impulsionar o desenvolvimento de vacinas com melhores desempenhos entre idosos. Algumas medidas at\u00e9 j\u00e1 existem. <a href=\"https:\/\/www1.folha.uol.com.br\/equilibrioesaude\/2023\/03\/reforco-contra-omicron-tem-protecao-acima-de-90-mesmo-em-quem-ja-teve-covid.shtml\" rel=\"nofollow noopener\" target=\"_blank\">Os refor\u00e7os com mais doses<\/a> \u00e9 um exemplo. Tamb\u00e9m existem vacinas com adjuvantes, subst\u00e2ncias que melhoram a resposta imune.<\/p>\n<p>Outra possibilidade seria a reprograma\u00e7\u00e3o celular por <a href=\"https:\/\/www1.folha.uol.com.br\/ciencia\/2020\/10\/premiado-com-nobel-crispr-revoluciona-pesquisa-mas-esta-longe-de-alterar-natureza-humana.shtml\" rel=\"nofollow noopener\" target=\"_blank\">tecnologias como Crispr<\/a>, que permite fazer edi\u00e7\u00f5es precisas no DNA. Em casos assim, seria poss\u00edvel alterar os mecanismos que levam ao pior desempenho do sistema imune em pessoas idosas. No entanto, o uso de tecnologias como essas ainda n\u00e3o s\u00e3o fact\u00edveis no momento atual \u2013para o futuro, elas s\u00e3o promissoras.<\/p>\n","protected":false},"excerpt":{"rendered":"Um novo estudo publicado nesta quarta-feira (29) encontrou uma resposta das raz\u00f5es por que a vacina da gripe&hellip;\n","protected":false},"author":2,"featured_media":131989,"comment_status":"","ping_status":"","sticky":false,"template":"","format":"standard","meta":{"footnotes":""},"categories":[86],"tags":[1031,26249,1029,1490,236,116,1491,1208,32,33,117,1030,2820],"class_list":{"0":"post-131988","1":"post","2":"type-post","3":"status-publish","4":"format-standard","5":"has-post-thumbnail","7":"category-saude","8":"tag-autocuidado","9":"tag-campanha-de-multivacinacao","10":"tag-cuide-se","11":"tag-envelhecimento","12":"tag-folha","13":"tag-health","14":"tag-idoso","15":"tag-medicina","16":"tag-portugal","17":"tag-pt","18":"tag-saude","19":"tag-saude-mental","20":"tag-vacinacao"},"share_on_mastodon":{"url":"https:\/\/pubeurope.com\/@pt\/115460470404219360","error":""},"_links":{"self":[{"href":"https:\/\/www.europesays.com\/pt\/wp-json\/wp\/v2\/posts\/131988","targetHints":{"allow":["GET"]}}],"collection":[{"href":"https:\/\/www.europesays.com\/pt\/wp-json\/wp\/v2\/posts"}],"about":[{"href":"https:\/\/www.europesays.com\/pt\/wp-json\/wp\/v2\/types\/post"}],"author":[{"embeddable":true,"href":"https:\/\/www.europesays.com\/pt\/wp-json\/wp\/v2\/users\/2"}],"replies":[{"embeddable":true,"href":"https:\/\/www.europesays.com\/pt\/wp-json\/wp\/v2\/comments?post=131988"}],"version-history":[{"count":0,"href":"https:\/\/www.europesays.com\/pt\/wp-json\/wp\/v2\/posts\/131988\/revisions"}],"wp:featuredmedia":[{"embeddable":true,"href":"https:\/\/www.europesays.com\/pt\/wp-json\/wp\/v2\/media\/131989"}],"wp:attachment":[{"href":"https:\/\/www.europesays.com\/pt\/wp-json\/wp\/v2\/media?parent=131988"}],"wp:term":[{"taxonomy":"category","embeddable":true,"href":"https:\/\/www.europesays.com\/pt\/wp-json\/wp\/v2\/categories?post=131988"},{"taxonomy":"post_tag","embeddable":true,"href":"https:\/\/www.europesays.com\/pt\/wp-json\/wp\/v2\/tags?post=131988"}],"curies":[{"name":"wp","href":"https:\/\/api.w.org\/{rel}","templated":true}]}}