{"id":131994,"date":"2025-10-30T01:24:44","date_gmt":"2025-10-30T01:24:44","guid":{"rendered":"https:\/\/www.europesays.com\/pt\/131994\/"},"modified":"2025-10-30T01:24:44","modified_gmt":"2025-10-30T01:24:44","slug":"casa-onde-foi-gravada-a-serie-inspetor-max-esta-ao-abandono-novas-imagens-mostram-cenario-inesperado-dois-as-10","status":"publish","type":"post","link":"https:\/\/www.europesays.com\/pt\/131994\/","title":{"rendered":"Casa onde foi gravada a s\u00e9rie \u00abInspetor Max\u00bb est\u00e1 ao abandono? Novas imagens mostram cen\u00e1rio inesperado &#8211; Dois \u00e0s 10"},"content":{"rendered":"<p>                        Um dos ic\u00f3nicos cen\u00e1rios de \u00abInspetor Max\u00bb parece ter sido esquecido. Novas fotos revelam sinais de abandono, deixando os admiradores da s\u00e9rie em choque.<\/p>\n<p>A casa, situada na <strong>Serra da Arr\u00e1bida<\/strong>, que serviu de cen\u00e1rio \u00e0 fam\u00edlia de <strong>Jorge Mendes<\/strong>, protagonista da s\u00e9rie <a href=\"https:\/\/tviplayer.iol.pt\/programa\/inspetor-max\/65c39b1fd34e371fc0bcd156\" rel=\"nofollow noopener\" target=\"_blank\"><strong>\u00abInspetor Max\u00bb<\/strong><\/a>, est\u00e1 a dar que falar nas redes sociais. As imagens recentemente divulgadas mostram o <strong>local aparentemente<\/strong> <strong>abandonado<\/strong>, rodeado de vegeta\u00e7\u00e3o, deixando f\u00e3s surpreendidos com o seu estado atual.<\/p>\n<p>Na s\u00e9rie, a resid\u00eancia \u00e9 o lar de <strong>Jorge Mendes<\/strong>, dos seus filhos <strong>Tiago <\/strong>e <strong>Catarina<\/strong>, do sogro <strong>Jo\u00e3o <\/strong>e da fiel empregada <strong>Justina<\/strong>.<\/p>\n<p>\u00c9 importante notar que <strong>a casa foi utilizada<\/strong> <strong>apenas para filmagens exteriores<\/strong>; as cenas interiores eram gravadas num est\u00fadio.\u00a0<\/p>\n<p>\u00a0<\/p>\n<p>\u00a0<\/p>\n","protected":false},"excerpt":{"rendered":"Um dos ic\u00f3nicos cen\u00e1rios de \u00abInspetor Max\u00bb parece ter sido esquecido. Novas fotos revelam sinais de abandono, deixando&hellip;\n","protected":false},"author":2,"featured_media":131995,"comment_status":"","ping_status":"","sticky":false,"template":"","format":"standard","meta":{"footnotes":""},"categories":[142],"tags":[329,166,3412,3406,3409,801,3410,3411,3407,3408,114,115,29921,3413,338,161,32,33,151],"class_list":{"0":"post-131994","1":"post","2":"type-post","3":"status-publish","4":"format-standard","5":"has-post-thumbnail","7":"category-tv","8":"tag-claudio-ramos","9":"tag-cristina-ferreira","10":"tag-dois-10","11":"tag-dois-a-s-10-dois-a-s-10","12":"tag-dois-a-s-dez","13":"tag-dois-as-10","14":"tag-dois-as-dez","15":"tag-dois-dez","16":"tag-doisas10","17":"tag-doisasdez","18":"tag-entertainment","19":"tag-entretenimento","20":"tag-inspetor-max","21":"tag-manha-tvi","22":"tag-maria-botelho-moniz","23":"tag-novelas","24":"tag-portugal","25":"tag-pt","26":"tag-tv"},"share_on_mastodon":{"url":"https:\/\/pubeurope.com\/@pt\/115460509740812681","error":""},"_links":{"self":[{"href":"https:\/\/www.europesays.com\/pt\/wp-json\/wp\/v2\/posts\/131994","targetHints":{"allow":["GET"]}}],"collection":[{"href":"https:\/\/www.europesays.com\/pt\/wp-json\/wp\/v2\/posts"}],"about":[{"href":"https:\/\/www.europesays.com\/pt\/wp-json\/wp\/v2\/types\/post"}],"author":[{"embeddable":true,"href":"https:\/\/www.europesays.com\/pt\/wp-json\/wp\/v2\/users\/2"}],"replies":[{"embeddable":true,"href":"https:\/\/www.europesays.com\/pt\/wp-json\/wp\/v2\/comments?post=131994"}],"version-history":[{"count":0,"href":"https:\/\/www.europesays.com\/pt\/wp-json\/wp\/v2\/posts\/131994\/revisions"}],"wp:featuredmedia":[{"embeddable":true,"href":"https:\/\/www.europesays.com\/pt\/wp-json\/wp\/v2\/media\/131995"}],"wp:attachment":[{"href":"https:\/\/www.europesays.com\/pt\/wp-json\/wp\/v2\/media?parent=131994"}],"wp:term":[{"taxonomy":"category","embeddable":true,"href":"https:\/\/www.europesays.com\/pt\/wp-json\/wp\/v2\/categories?post=131994"},{"taxonomy":"post_tag","embeddable":true,"href":"https:\/\/www.europesays.com\/pt\/wp-json\/wp\/v2\/tags?post=131994"}],"curies":[{"name":"wp","href":"https:\/\/api.w.org\/{rel}","templated":true}]}}