{"id":132023,"date":"2025-10-30T02:00:14","date_gmt":"2025-10-30T02:00:14","guid":{"rendered":"https:\/\/www.europesays.com\/pt\/132023\/"},"modified":"2025-10-30T02:00:14","modified_gmt":"2025-10-30T02:00:14","slug":"3i-atlas-o-misterioso-objeto-que-atravessa-o-nosso-sistema-solar-a-grande-velocidade","status":"publish","type":"post","link":"https:\/\/www.europesays.com\/pt\/132023\/","title":{"rendered":"3I\/ATLAS: o misterioso objeto que atravessa o nosso Sistema Solar a grande velocidade"},"content":{"rendered":"<p>A 1 de julho de 2025, os astr\u00f3nomos que utilizavam o telesc\u00f3pio de prospe\u00e7\u00e3o ATLAS (Asteroid Terrestrial-impact Last Alert System) em Rio Hurtado, no Chile, detetaram um objeto t\u00e9nue e em r\u00e1pido movimento, diferente de tudo o que j\u00e1 tinha sido visto.<\/p>\n<p>A descoberta, oficialmente designada 3I\/ATLAS (C\/2025 N1), marca apenas o terceiro objeto interestelar confirmado alguma vez observado &#8211; depois do \u02bbOumuamua em 2017 e do 2I\/Borisov em 2019.<\/p>\n<p>Mas o que \u00e9 exatamente o 3I\/ATLAS, para onde vai, e poder\u00e1 este estranho visitante de outra estrela ser mais do que um simples cometa?<\/p>\n<p>O que \u00e9 o 3I\/ATLAS?<\/p>\n<p>Acredita-se que o 3I\/ATLAS seja um cometa &#8211; tem uma cauda, est\u00e1 a brilhar \u00e0 medida que se aproxima do Sol e mostra sinais de liberta\u00e7\u00e3o de poeira e g\u00e1s.<\/p>\n<p>O seu nome deriva das suas origens: &#8220;3&#8221; para o terceiro objeto interestelar encontrado, &#8220;I&#8221; para interestelar e &#8220;ATLAS&#8221; para a rede de telesc\u00f3pios que o detetou.<\/p>\n<p>O que o torna extraordin\u00e1rio \u00e9 o local de onde veio. A sua velocidade e trajet\u00f3ria mostram que n\u00e3o est\u00e1 gravitacionalmente ligado ao Sol &#8211; o que significa que deve ter tido origem noutro sistema estelar e que veio parar ao nosso por acaso.<\/p>\n<p>A que velocidade est\u00e1 a viajar e para onde vai?<\/p>\n<p>De acordo com os astr\u00f3nomos, o 3I\/ATLAS est\u00e1 a correr no espa\u00e7o a mais de 200 000 km\/h (cerca de 61 km por segundo) e a sua velocidade aumenta \u00e0 medida que se aproxima do Sol.<\/p>\n<p>Est\u00e1 a seguir uma \u00f3rbita hiperb\u00f3lica, o que significa que se est\u00e1 a mover demasiado depressa para ser capturado pela gravidade do Sol.<\/p>\n<p>&#8220;Vai passar pelo sistema solar interior &#8211; entre a \u00f3rbita de Marte e a da Terra &#8211; e depois vai passar pelo Sol&#8221;, disse Con Stoitsis, diretor de cometas e meteoros da Sociedade Astron\u00f3mica de Victoria, ao The Guardian.<\/p>\n<p>&#8220;Este est\u00e1 no que chamamos uma \u00f3rbita hiperb\u00f3lica. Por isso, n\u00e3o est\u00e1 gravitacionalmente ligado ao Sol. Est\u00e1 a viajar demasiado depressa e, por isso, vai simplesmente voar para o outro lado do sistema solar&#8221;, acrescentou.<\/p>\n<p>De acordo com a NASA, o mais pr\u00f3ximo que o 3I\/Atlas chegar\u00e1 da Terra ser\u00e1 a cerca de 270 milh\u00f5es de quil\u00f3metros.<\/p>\n<p>Poder\u00e1 ser algo mais do que um objeto natural?<\/p>\n<p>Para a maioria dos astr\u00f3nomos, o 3I\/ATLAS \u00e9 um fen\u00f3meno excitante mas natural. Mas um proeminente cientista &#8211; Avi Loeb, astrof\u00edsico te\u00f3rico da Universidade de Harvard &#8211; defendeu a necessidade de uma an\u00e1lise mais aprofundada do objeto.<\/p>\n<p>Atrav\u00e9s do Projeto Galileo, que investiga potenciais provas de tecnologia extraterrestre, Loeb tem feito perguntas provocadoras e que levantam as sobrancelhas sobre a origem do 3I\/ATLAS.<\/p>\n<p>Numa s\u00e9rie de ensaios cient\u00edficos publicados no <a href=\"https:\/\/avi-loeb.medium.com\/\" target=\"_blank\" rel=\"noreferrer nofollow noopener\"><strong>Medium<\/strong><\/a>, argumenta que os cientistas ainda devem considerar se o objeto pode ser uma tecnologia alien\u00edgena &#8211; uma sonda artificial ou um artefacto de outra civiliza\u00e7\u00e3o.<\/p>\n<p>Num ensaio intitulado &#8220;<a href=\"https:\/\/avi-loeb.medium.com\/does-3i-atlas-generate-its-own-light-e9775594afc5\" target=\"_blank\" rel=\"noreferrer nofollow noopener\"><strong>Does 3I\/ATLAS Generate Its Own Light?<\/strong><\/a>&#8221; (<a href=\"https:\/\/avi-loeb.medium.com\/does-3i-atlas-generate-its-own-light-e9775594afc5\" target=\"_blank\" rel=\"noreferrer nofollow noopener\"><strong>O 3I\/ATLAS gera a sua pr\u00f3pria luz?<\/strong><\/a>), Loeb questiona se o seu brilho poder\u00e1 resultar da sua pr\u00f3pria luminosidade e n\u00e3o da luz solar refletida &#8211; uma propriedade diferente de qualquer cometa conhecido.<\/p>\n<p>&#8220;A hip\u00f3tese em quest\u00e3o \u00e9 que o recente visitante interestelar do nosso Sistema Solar, 3I\/ATLAS1-10, \u00e9 um artefacto tecnol\u00f3gico e, al\u00e9m disso, tem intelig\u00eancia ativa. Se for este o caso, ent\u00e3o seguem-se duas possibilidades: primeiro, que as suas inten\u00e7\u00f5es s\u00e3o inteiramente benignas, e segundo, que s\u00e3o malignas, ou algures no meio&#8221;, escreveu ele num artigo intitulado &#8220;Is the interstellar object 3I\/ATLAS alien technology?&#8221;.<\/p>\n<p>&#8220;As consequ\u00eancias, caso a hip\u00f3tese se revele correta, podem ser potencialmente terr\u00edveis para a humanidade e, possivelmente, exigiriam medidas defensivas&#8221;, alertou.<\/p>\n<p>A NASA rejeitou firmemente a perspetiva de Loeb.<\/p>\n<p>&#8220;Parece um cometa. Faz coisas de cometa. Assemelha-se muito, muito fortemente, em quase todos os aspetos, aos cometas que conhecemos&#8221;, disse Tom Statler, cientista principal da NASA para os pequenos corpos do sistema solar, ao The Guardian.<\/p>\n<p>Loeb reconheceu entretanto, numa publica\u00e7\u00e3o no seu blogue, que &#8220;a hip\u00f3tese mais simples \u00e9 que o 3I\/ATLAS \u00e9 um cometa&#8221;, esclarecendo que o seu objetivo era desafiar suposi\u00e7\u00f5es e n\u00e3o fazer afirma\u00e7\u00f5es firmes.<\/p>\n<p>&#8220;Em vez disso, mantenhamos a nossa curiosidade infantil e procuremos provas em vez de fingirmos ser os adultos na sala que sabem as respostas antecipadamente&#8221;, escreveu.<\/p>\n<p>Ser\u00e1 que vamos conseguir ver o 3I\/ATLAS?<\/p>\n<p>O cometa atingir\u00e1 a sua maior aproxima\u00e7\u00e3o ao Sol por volta de 30 de outubro, aproximando-se de 1,4 au (cerca de 130 milh\u00f5es de milhas), mesmo dentro da \u00f3rbita de Marte.<\/p>\n<p>O seu tamanho e propriedades f\u00edsicas ainda est\u00e3o a ser estudados, mas a NASA diz que dever\u00e1 voltar a ser vis\u00edvel atrav\u00e9s de telesc\u00f3pios terrestres no in\u00edcio de dezembro, assim que sair de tr\u00e1s do Sol.<\/p>\n","protected":false},"excerpt":{"rendered":"A 1 de julho de 2025, os astr\u00f3nomos que utilizavam o telesc\u00f3pio de prospe\u00e7\u00e3o ATLAS (Asteroid Terrestrial-impact Last&hellip;\n","protected":false},"author":2,"featured_media":132024,"comment_status":"","ping_status":"","sticky":false,"template":"","format":"standard","meta":{"footnotes":""},"categories":[84],"tags":[109,107,108,1008,24502,32,33,105,103,104,106,110,10900],"class_list":{"0":"post-132023","1":"post","2":"type-post","3":"status-publish","4":"format-standard","5":"has-post-thumbnail","7":"category-ciencia-e-tecnologia","8":"tag-ciencia","9":"tag-ciencia-e-tecnologia","10":"tag-cienciaetecnologia","11":"tag-espaco","12":"tag-investigacao-espacial","13":"tag-portugal","14":"tag-pt","15":"tag-science","16":"tag-science-and-technology","17":"tag-scienceandtechnology","18":"tag-technology","19":"tag-tecnologia","20":"tag-tecnologia-espacial"},"share_on_mastodon":{"url":"https:\/\/pubeurope.com\/@pt\/115460651262013227","error":""},"_links":{"self":[{"href":"https:\/\/www.europesays.com\/pt\/wp-json\/wp\/v2\/posts\/132023","targetHints":{"allow":["GET"]}}],"collection":[{"href":"https:\/\/www.europesays.com\/pt\/wp-json\/wp\/v2\/posts"}],"about":[{"href":"https:\/\/www.europesays.com\/pt\/wp-json\/wp\/v2\/types\/post"}],"author":[{"embeddable":true,"href":"https:\/\/www.europesays.com\/pt\/wp-json\/wp\/v2\/users\/2"}],"replies":[{"embeddable":true,"href":"https:\/\/www.europesays.com\/pt\/wp-json\/wp\/v2\/comments?post=132023"}],"version-history":[{"count":0,"href":"https:\/\/www.europesays.com\/pt\/wp-json\/wp\/v2\/posts\/132023\/revisions"}],"wp:featuredmedia":[{"embeddable":true,"href":"https:\/\/www.europesays.com\/pt\/wp-json\/wp\/v2\/media\/132024"}],"wp:attachment":[{"href":"https:\/\/www.europesays.com\/pt\/wp-json\/wp\/v2\/media?parent=132023"}],"wp:term":[{"taxonomy":"category","embeddable":true,"href":"https:\/\/www.europesays.com\/pt\/wp-json\/wp\/v2\/categories?post=132023"},{"taxonomy":"post_tag","embeddable":true,"href":"https:\/\/www.europesays.com\/pt\/wp-json\/wp\/v2\/tags?post=132023"}],"curies":[{"name":"wp","href":"https:\/\/api.w.org\/{rel}","templated":true}]}}