{"id":132025,"date":"2025-10-30T02:02:18","date_gmt":"2025-10-30T02:02:18","guid":{"rendered":"https:\/\/www.europesays.com\/pt\/132025\/"},"modified":"2025-10-30T02:02:18","modified_gmt":"2025-10-30T02:02:18","slug":"as-imagens-dos-efeitos-do-furacao-melissa-nas-caraibas-observador","status":"publish","type":"post","link":"https:\/\/www.europesays.com\/pt\/132025\/","title":{"rendered":"As imagens dos efeitos do furac\u00e3o Melissa nas Cara\u00edbas \u2013 Observador"},"content":{"rendered":"<p>O furac\u00e3o Melissa, agora de categoria 4, a segunda mais alta na escala de intensidade, est\u00e1 a percorrer as Cara\u00edbas, deixando um rasto de <strong>destrui\u00e7\u00e3o<\/strong> por onde passa. Pa\u00edses como Haiti ou Rep\u00fablica Dominicana j\u00e1 registaram mortos e danos significativos em casas e planta\u00e7\u00f5es. Agora, a Jamaica enfrenta este fen\u00f3meno, considerado pelos especialistas como <strong>a tempestade mais forte de 2025 no mundo inteiro<\/strong>.<\/p>\n<blockquote class=\"twitter-tweet\" data-width=\"500\" data-dnt=\"true\">\n<p lang=\"en\" dir=\"ltr\">Hurricane Melissa\u2019s is approaching the limits of what physics can theoretically produce in a tropical cyclone. <\/p>\n<p>Its central pressure is down to 896 hPa, while its maximum sustained wind speed is 180 mph. Cloud tops of -80\u00b0C are rare in the Atlantic, and more akin to what you\u2026 <a href=\"https:\/\/t.co\/KHud1BR5cc\" rel=\"nofollow\">pic.twitter.com\/KHud1BR5cc<\/a><\/p>\n<p>\u2014 Chris Martz (@ChrisMartzWX) <a href=\"https:\/\/twitter.com\/ChrisMartzWX\/status\/1983174751670435980?ref_src=twsrc%5Etfw\" rel=\"nofollow noopener\" target=\"_blank\">October 28, 2025<\/a><\/p>\n<\/blockquote>\n<p>O Governo jamaicano <a href=\"https:\/\/observador.pt\/2025\/10\/27\/furacao-melissa-faz-seis-mortos-nas-caraibas-e-aproxima-se-da-jamaica-onde-pode-ser-o-furacao-mais-forte-alguma-vez-registado\/\" rel=\"nofollow noopener\" target=\"_blank\">decretou evacua\u00e7\u00f5es obrigat\u00f3rias e abriu centenas de abrigos<\/a>, apesar de muitos habitantes terem resistido a sair de casa. As autoridades alertam para o risco de chuvas torrenciais, ventos fortes e deslizamentos de terra.<\/p>\n<blockquote class=\"twitter-tweet\" data-width=\"500\" data-dnt=\"true\">\n<p lang=\"en\" dir=\"ltr\">Scenes from the coastal city of Black River in southwestern Jamaica as Hurricane Melissa is about to make landfall in the area.<\/p>\n<p>Structures can be seen falling off buildings due to the strength of Melissa. <a href=\"https:\/\/t.co\/zqfyiVcjuz\" rel=\"nofollow\">pic.twitter.com\/zqfyiVcjuz<\/a><\/p>\n<p>\u2014 TabZ (@TabZLIVE) <a href=\"https:\/\/twitter.com\/TabZLIVE\/status\/1983207063032377752?ref_src=twsrc%5Etfw\" rel=\"nofollow noopener\" target=\"_blank\">October 28, 2025<\/a><\/p>\n<\/blockquote>\n<blockquote class=\"twitter-tweet\" data-width=\"500\" data-dnt=\"true\">\n<p lang=\"en\" dir=\"ltr\">Early video coming in as record breaking Cat 5 Hurricane Melissa plows into Jamaica. <\/p>\n<p>I\u2019ll be posting some links to help the people here later today. <a href=\"https:\/\/t.co\/TUZ9t7OzrJ\" rel=\"nofollow\">pic.twitter.com\/TUZ9t7OzrJ<\/a><\/p>\n<p>\u2014 Brian Krassenstein (@krassenstein) <a href=\"https:\/\/twitter.com\/krassenstein\/status\/1983215991266979884?ref_src=twsrc%5Etfw\" rel=\"nofollow noopener\" target=\"_blank\">October 28, 2025<\/a><\/p>\n<\/blockquote>\n<blockquote class=\"twitter-tweet\" data-width=\"500\" data-dnt=\"true\">\n<p lang=\"en\" dir=\"ltr\">Possible video of the right eye wall of Hurricane <a href=\"https:\/\/twitter.com\/hashtag\/Melissa?src=hash&amp;ref_src=twsrc%5Etfw\" rel=\"nofollow noopener\" target=\"_blank\">#Melissa<\/a> in Black River, Jamaica <a href=\"https:\/\/t.co\/SfEYQf7dSz\" rel=\"nofollow\">pic.twitter.com\/SfEYQf7dSz<\/a><\/p>\n<p>\u2014 Reed Timmer, PhD (@ReedTimmerUSA) <a href=\"https:\/\/twitter.com\/ReedTimmerUSA\/status\/1983219725782884453?ref_src=twsrc%5Etfw\" rel=\"nofollow noopener\" target=\"_blank\">October 28, 2025<\/a><\/p>\n<\/blockquote>\n<blockquote class=\"twitter-tweet\" data-width=\"500\" data-dnt=\"true\">\n<p lang=\"es\" dir=\"ltr\"><a href=\"https:\/\/twitter.com\/hashtag\/Internacional?src=hash&amp;ref_src=twsrc%5Etfw\" rel=\"nofollow noopener\" target=\"_blank\">#Internacional<\/a> | ????????????????La tormenta tropical Melissa, caus\u00f3 intensas lluvias en Hait\u00ed, donde ya dej\u00f3 tres muertos, y en Rep\u00fablica Dominicana, un mill\u00f3n de usuarios quedaron sin agua.<\/p>\n<p>Se prev\u00e9 que impacte como hurac\u00e1n a Jamaica este martes y a Cuba el mi\u00e9rcoles. <a href=\"https:\/\/t.co\/e3XXTkWclA\" rel=\"nofollow\">pic.twitter.com\/e3XXTkWclA<\/a><\/p>\n<p>\u2014 Notitarde (@webnotitarde) <a href=\"https:\/\/twitter.com\/webnotitarde\/status\/1982064725224468947?ref_src=twsrc%5Etfw\" rel=\"nofollow noopener\" target=\"_blank\">October 25, 2025<\/a><\/p>\n<\/blockquote>\n<p>A trajet\u00f3ria prevista aponta agora para as <strong>Bahamas<\/strong> e <strong>Cuba<\/strong>, pa\u00edses onde j\u00e1 est\u00e3o a ser implementadas medidas de emerg\u00eancia, incluindo evacua\u00e7\u00f5es e distribui\u00e7\u00e3o de ajuda alimentar. A Organiza\u00e7\u00e3o Meteorol\u00f3gica Mundial (OMM) alerta para o <strong>risco de uma crise humanit\u00e1ria<\/strong> e recomenda que as popula\u00e7\u00f5es sigam todas as instru\u00e7\u00f5es das autoridades e dos governos.<\/p>\n<p>Fen\u00f3menos deste tipo podem tornar-se mais intensos devido ao <strong>aquecimento das \u00e1guas do mar<\/strong> e \u00e0 maior quantidade de <strong>vapor de \u00e1gua na atmosfera<\/strong>, alerta ao Observador o climatologista M\u00e1rio Marques. Al\u00e9m disso,\u00a0a lentid\u00e3o do furac\u00e3o agrava os efeitos: um sistema que se desloca devagar acumula mais chuva e mant\u00e9m ventos fortes por mais tempo, aumentando os estragos.<\/p>\n<blockquote class=\"twitter-tweet\" data-width=\"500\" data-dnt=\"true\">\n<p lang=\"en\" dir=\"ltr\">The US Air Force Reserve Hurricane Hunters flew straight through Category 5 Hurricane Melissa, capturing an incredible view from inside the storm\u2019s eye. <a href=\"https:\/\/t.co\/bq6bY3PqPz\" rel=\"nofollow\">pic.twitter.com\/bq6bY3PqPz<\/a><\/p>\n<p>\u2014 Nature is Amazing \u2618\ufe0f (@AMAZlNGNATURE) <a href=\"https:\/\/twitter.com\/AMAZlNGNATURE\/status\/1983227182999613882?ref_src=twsrc%5Etfw\" rel=\"nofollow noopener\" target=\"_blank\">October 28, 2025<\/a><\/p>\n<\/blockquote>\n<p>            <script async src=\"https:\/\/platform.twitter.com\/widgets.js\" charset=\"utf-8\"><\/script><\/p>\n","protected":false},"excerpt":{"rendered":"O furac\u00e3o Melissa, agora de categoria 4, a segunda mais alta na escala de intensidade, est\u00e1 a percorrer&hellip;\n","protected":false},"author":2,"featured_media":132026,"comment_status":"","ping_status":"","sticky":false,"template":"","format":"standard","meta":{"footnotes":""},"categories":[50],"tags":[964,624,27,28,442,1431,15,16,29928,14,25,26,21,22,606,62,1009,12,13,19,20,23,24,17,18,29,30,31,63,64,65],"class_list":{"0":"post-132025","1":"post","2":"type-post","3":"status-publish","4":"format-standard","5":"has-post-thumbnail","7":"category-mundo","8":"tag-ambiente","9":"tag-amu00e9rica","10":"tag-breaking-news","11":"tag-breakingnews","12":"tag-ciu00eancia","13":"tag-desastres-naturais","14":"tag-featured-news","15":"tag-featurednews","16":"tag-furacu00e3o","17":"tag-headlines","18":"tag-latest-news","19":"tag-latestnews","20":"tag-main-news","21":"tag-mainnews","22":"tag-meteorologia","23":"tag-mundo","24":"tag-natureza","25":"tag-news","26":"tag-noticias","27":"tag-noticias-principais","28":"tag-noticiasprincipais","29":"tag-principais-noticias","30":"tag-principaisnoticias","31":"tag-top-stories","32":"tag-topstories","33":"tag-ultimas","34":"tag-ultimas-noticias","35":"tag-ultimasnoticias","36":"tag-world","37":"tag-world-news","38":"tag-worldnews"},"share_on_mastodon":{"url":"https:\/\/pubeurope.com\/@pt\/115460659110901334","error":""},"_links":{"self":[{"href":"https:\/\/www.europesays.com\/pt\/wp-json\/wp\/v2\/posts\/132025","targetHints":{"allow":["GET"]}}],"collection":[{"href":"https:\/\/www.europesays.com\/pt\/wp-json\/wp\/v2\/posts"}],"about":[{"href":"https:\/\/www.europesays.com\/pt\/wp-json\/wp\/v2\/types\/post"}],"author":[{"embeddable":true,"href":"https:\/\/www.europesays.com\/pt\/wp-json\/wp\/v2\/users\/2"}],"replies":[{"embeddable":true,"href":"https:\/\/www.europesays.com\/pt\/wp-json\/wp\/v2\/comments?post=132025"}],"version-history":[{"count":0,"href":"https:\/\/www.europesays.com\/pt\/wp-json\/wp\/v2\/posts\/132025\/revisions"}],"wp:featuredmedia":[{"embeddable":true,"href":"https:\/\/www.europesays.com\/pt\/wp-json\/wp\/v2\/media\/132026"}],"wp:attachment":[{"href":"https:\/\/www.europesays.com\/pt\/wp-json\/wp\/v2\/media?parent=132025"}],"wp:term":[{"taxonomy":"category","embeddable":true,"href":"https:\/\/www.europesays.com\/pt\/wp-json\/wp\/v2\/categories?post=132025"},{"taxonomy":"post_tag","embeddable":true,"href":"https:\/\/www.europesays.com\/pt\/wp-json\/wp\/v2\/tags?post=132025"}],"curies":[{"name":"wp","href":"https:\/\/api.w.org\/{rel}","templated":true}]}}