{"id":132027,"date":"2025-10-30T02:05:18","date_gmt":"2025-10-30T02:05:18","guid":{"rendered":"https:\/\/www.europesays.com\/pt\/132027\/"},"modified":"2025-10-30T02:05:18","modified_gmt":"2025-10-30T02:05:18","slug":"influencer-revela-flerte-de-vini-jr-dias-antes-de-assumir-virginia","status":"publish","type":"post","link":"https:\/\/www.europesays.com\/pt\/132027\/","title":{"rendered":"Influencer revela flerte de Vini Jr. dias antes de assumir Virg\u00ednia"},"content":{"rendered":"\n<p class=\"resumo_item_amdb\">O pedido de namoro de Vini Jr. para Virginia viralizou nas redes sociais. Entre as rea\u00e7\u00f5es, ganhou destaque a fala de Maria Eduarda de Souza, conhecida por ter trabalhado com Kid Bengala, que afirmou ter recebido investidas do jogador pouco antes do romance ser assumido.<\/p>\n<p class=\"resumo_item_amdb\">O casal, que j\u00e1 era alvo de rumores, oficializou a rela\u00e7\u00e3o com uma surpresa rom\u00e2ntica repleta de bal\u00f5es, p\u00e9talas de rosa, joias e um urso de pel\u00facia. Virginia compartilhou nos stories registros do momento e repostou mensagens de amigos, como Tain\u00e1 e \u00c9der Milit\u00e3o.<\/p>\n","protected":false},"excerpt":{"rendered":"O pedido de namoro de Vini Jr. para Virginia viralizou nas redes sociais. Entre as rea\u00e7\u00f5es, ganhou destaque&hellip;\n","protected":false},"author":2,"featured_media":132028,"comment_status":"","ping_status":"","sticky":false,"template":"","format":"standard","meta":{"footnotes":""},"categories":[145],"tags":[29929,29930,211,210,14645,114,115,29931,1434,29932,32,33,17132,3126,973],"class_list":{"0":"post-132027","1":"post","2":"type-post","3":"status-publish","4":"format-standard","5":"has-post-thumbnail","7":"category-celebridades","8":"tag-antes","9":"tag-assumir","10":"tag-celebridades","11":"tag-celebrities","12":"tag-dias","13":"tag-entertainment","14":"tag-entretenimento","15":"tag-flerte","16":"tag-influencer","17":"tag-maria-eduarda-de-souza","18":"tag-portugal","19":"tag-pt","20":"tag-revela","21":"tag-vini-jr","22":"tag-virginia"},"share_on_mastodon":{"url":"https:\/\/pubeurope.com\/@pt\/115460671042043068","error":""},"_links":{"self":[{"href":"https:\/\/www.europesays.com\/pt\/wp-json\/wp\/v2\/posts\/132027","targetHints":{"allow":["GET"]}}],"collection":[{"href":"https:\/\/www.europesays.com\/pt\/wp-json\/wp\/v2\/posts"}],"about":[{"href":"https:\/\/www.europesays.com\/pt\/wp-json\/wp\/v2\/types\/post"}],"author":[{"embeddable":true,"href":"https:\/\/www.europesays.com\/pt\/wp-json\/wp\/v2\/users\/2"}],"replies":[{"embeddable":true,"href":"https:\/\/www.europesays.com\/pt\/wp-json\/wp\/v2\/comments?post=132027"}],"version-history":[{"count":0,"href":"https:\/\/www.europesays.com\/pt\/wp-json\/wp\/v2\/posts\/132027\/revisions"}],"wp:featuredmedia":[{"embeddable":true,"href":"https:\/\/www.europesays.com\/pt\/wp-json\/wp\/v2\/media\/132028"}],"wp:attachment":[{"href":"https:\/\/www.europesays.com\/pt\/wp-json\/wp\/v2\/media?parent=132027"}],"wp:term":[{"taxonomy":"category","embeddable":true,"href":"https:\/\/www.europesays.com\/pt\/wp-json\/wp\/v2\/categories?post=132027"},{"taxonomy":"post_tag","embeddable":true,"href":"https:\/\/www.europesays.com\/pt\/wp-json\/wp\/v2\/tags?post=132027"}],"curies":[{"name":"wp","href":"https:\/\/api.w.org\/{rel}","templated":true}]}}