{"id":132043,"date":"2025-10-30T02:28:30","date_gmt":"2025-10-30T02:28:30","guid":{"rendered":"https:\/\/www.europesays.com\/pt\/132043\/"},"modified":"2025-10-30T02:28:30","modified_gmt":"2025-10-30T02:28:30","slug":"acidente-vascular-cerebral-gdf-reforca-assistencia-emergencial","status":"publish","type":"post","link":"https:\/\/www.europesays.com\/pt\/132043\/","title":{"rendered":"Acidente Vascular Cerebral: GDF refor\u00e7a assist\u00eancia emergencial"},"content":{"rendered":"<p>No Dia Nacional de Preven\u00e7\u00e3o ao AVC, programa da Secretaria de Sa\u00fade \u201cAVC no Quadrado\u201d promove mais de 100 atendimentos<\/p>\n<p style=\"text-align: justify;\">O Distrito Federal teve a assist\u00eancia emergencial aos casos de Acidente Vascular Cerebral (AVC) ampliada neste ano. Desde junho, quando foi implementado o projeto \u201cAVC no Quadrado\u201d, foram realizados 111 acionamentos de protocolos para atendimento. O programa da Secretaria de Sa\u00fade (SES-DF) atua na otimiza\u00e7\u00e3o dos fluxos de atendimento visando oferecer tratamento j\u00e1 no primeiro local em que o usu\u00e1rio procura pela assist\u00eancia \u2013 o que pode reduzir exponencialmente as sequelas.<\/p>\n<p style=\"text-align: justify;\">Com o programa, o Hospital Regional de Sobradinho (HRS) e o Hospital Regional do Gama (HRG) passaram a atender ocorr\u00eancias que eram encaminhadas ao Hospital de Base do Distrito Federal (HBDF). Agora, HRS e HRG realizam a tromb\u00f3lise endovenosa \u2014 tratamento m\u00e9dico para dissolver co\u00e1gulos sangu\u00edneos (trombos) que obstruem o fluxo de sangue. E o programa tamb\u00e9m introduziu a trombectomia mec\u00e2nica no HBDF \u2013 no qual um cateter \u00e9 introduzido para remover co\u00e1gulos sangu\u00edneos.<\/p>\n<p style=\"text-align: justify;\">\u201cA interven\u00e7\u00e3o medicamentosa para o tratamento agudo nas duas novas unidades tornou-se poss\u00edvel devido \u00e0 integra\u00e7\u00e3o, por meio de ferramenta de telemedicina, que conecta hospitais da rede a neurologistas especializados que ficam de plant\u00e3o, 24 horas por dia, no HBDF\u201d, detalha a secret\u00e1ria executiva de Assist\u00eancia \u00e0 Sa\u00fade da SES-DF, Edna Marques. \u201cA tecnologia permite o diagn\u00f3stico e a orienta\u00e7\u00e3o terap\u00eautica em tempo real, contribuindo para evitar sequelas e complica\u00e7\u00f5es\u201d, complementa.<br \/>\u00a0<\/p>\n<p>        <img loading=\"lazy\" decoding=\"async\" alt=\"\" height=\"512\" src=\"https:\/\/www.europesays.com\/pt\/wp-content\/uploads\/2025\/10\/eaa11be3-11de-8b70-9b62-21ae00f15a01\" style=\"margin: 0px;\" width=\"768\"\/> <\/p>\n<p>         No DF, unidades que prestam assist\u00eancia emergencial aos casos de AVC est\u00e3o integradas por meio de ferramenta de telemedicina que permite o diagn\u00f3stico e a orienta\u00e7\u00e3o terap\u00eautica em tempo real. Foto: Sandro Ara\u00fajo\/Ag\u00eancia Sa\u00fade DF<\/p>\n<p style=\"text-align: justify;\"><strong>Preven\u00e7\u00e3o<\/strong><\/p>\n<p style=\"text-align: justify;\">Em\u00a0<a href=\"https:\/\/www.planalto.gov.br\/ccivil_03\/_ato2023-2026\/2024\/lei\/L14885.htm\" rel=\"noopener nofollow\" target=\"_blank\">29 de outubro<\/a> \u00e9 celebrado o Dia Nacional de Preven\u00e7\u00e3o ao Acidente Vascular Cerebral. A ocasi\u00e3o tem por objetivo estimular a\u00e7\u00f5es educativas, de informa\u00e7\u00e3o e de conscientiza\u00e7\u00e3o, a fim de ampliar o conhecimento da popula\u00e7\u00e3o sobre as a\u00e7\u00f5es de cuidado integral relacionadas \u00e0 preven\u00e7\u00e3o ao AVC.<br \/>\u00a0<\/p>\n<p>        <img loading=\"lazy\" decoding=\"async\" alt=\"\" height=\"512\" src=\"https:\/\/www.europesays.com\/pt\/wp-content\/uploads\/2025\/10\/69f35e1c-addd-1b70-f782-42ba8dc105ff\" style=\"margin: 0px;\" width=\"768\"\/> <\/p>\n<p>         As causas do AVC est\u00e3o relacionadas, principalmente, a fatores de risco comportamentais, como hipertens\u00e3o, diabetes, sobrepeso, sedentarismo, tabagismo e uso excessivo de \u00e1lcool. Foto: Breno Esaki\/Arquivo Ag\u00eancia Sa\u00fade DF<\/p>\n<p style=\"text-align: justify;\">A\u00a0<a href=\"https:\/\/www.gov.br\/saude\/pt-br\/assuntos\/saude-de-a-a-z\/a\/avc\" rel=\"noopener nofollow\" target=\"_blank\">doen\u00e7a<\/a>\u00a0acontece quando vasos que levam sangue ao c\u00e9rebro entopem ou se rompem, provocando a paralisia da \u00e1rea cerebral que ficou sem circula\u00e7\u00e3o sangu\u00ednea. As causas est\u00e3o relacionadas, principalmente, a fatores de risco comportamentais, como hipertens\u00e3o, diabetes, sobrepeso, sedentarismo, tabagismo e uso excessivo de \u00e1lcool. Quanto mais r\u00e1pido for o diagn\u00f3stico e o tratamento do AVC, maiores ser\u00e3o as chances de recupera\u00e7\u00e3o completa.\u00a0<\/p>\n<p style=\"text-align: justify;\">Em caso de suspeita de AVC, ligue para o Samu 192 ou v\u00e1 a unidade de pronto-atendimento mais pr\u00f3xima.<br \/>\u00a0<\/p>\n<p>        <img loading=\"lazy\" decoding=\"async\" alt=\"\" height=\"512\" src=\"https:\/\/www.europesays.com\/pt\/wp-content\/uploads\/2025\/10\/cbc08c48-7e50-bd4e-77f7-364c0370ac06\" style=\"margin: 0px;\" width=\"768\"\/> <\/p>\n<p>         Arte: Ag\u00eancia Sa\u00fade DF<\/p>\n<p style=\"text-align: justify;\">\u00a0<\/p>\n","protected":false},"excerpt":{"rendered":"No Dia Nacional de Preven\u00e7\u00e3o ao AVC, programa da Secretaria de Sa\u00fade \u201cAVC no Quadrado\u201d promove mais de&hellip;\n","protected":false},"author":2,"featured_media":132044,"comment_status":"","ping_status":"","sticky":false,"template":"","format":"standard","meta":{"footnotes":""},"categories":[86],"tags":[3980,29936,29938,1493,29937,7929,1661,29942,29940,18497,116,26963,29935,1133,29939,32,1461,33,29943,117,22251,29934,29941],"class_list":{"0":"post-132043","1":"post","2":"type-post","3":"status-publish","4":"format-standard","5":"has-post-thumbnail","7":"category-saude","8":"tag-3980","9":"tag-acoes-educativas","10":"tag-assitencia-emergencial","11":"tag-avc","12":"tag-avc-no-quadrado","13":"tag-conscientizacao","14":"tag-destaque","15":"tag-dia-nacioanl-de-prevencao-ao-acidente-vascular-cerebral","16":"tag-fluxos-de-atendimento","17":"tag-hbdf","18":"tag-health","19":"tag-hrg","20":"tag-hrs","21":"tag-noticia","22":"tag-otimizacao","23":"tag-portugal","24":"tag-prevencao","25":"tag-pt","26":"tag-samu-192","27":"tag-saude","28":"tag-ses-df","29":"tag-telemedicina","30":"tag-trombos"},"share_on_mastodon":{"url":"https:\/\/pubeurope.com\/@pt\/115460761799839412","error":""},"_links":{"self":[{"href":"https:\/\/www.europesays.com\/pt\/wp-json\/wp\/v2\/posts\/132043","targetHints":{"allow":["GET"]}}],"collection":[{"href":"https:\/\/www.europesays.com\/pt\/wp-json\/wp\/v2\/posts"}],"about":[{"href":"https:\/\/www.europesays.com\/pt\/wp-json\/wp\/v2\/types\/post"}],"author":[{"embeddable":true,"href":"https:\/\/www.europesays.com\/pt\/wp-json\/wp\/v2\/users\/2"}],"replies":[{"embeddable":true,"href":"https:\/\/www.europesays.com\/pt\/wp-json\/wp\/v2\/comments?post=132043"}],"version-history":[{"count":0,"href":"https:\/\/www.europesays.com\/pt\/wp-json\/wp\/v2\/posts\/132043\/revisions"}],"wp:featuredmedia":[{"embeddable":true,"href":"https:\/\/www.europesays.com\/pt\/wp-json\/wp\/v2\/media\/132044"}],"wp:attachment":[{"href":"https:\/\/www.europesays.com\/pt\/wp-json\/wp\/v2\/media?parent=132043"}],"wp:term":[{"taxonomy":"category","embeddable":true,"href":"https:\/\/www.europesays.com\/pt\/wp-json\/wp\/v2\/categories?post=132043"},{"taxonomy":"post_tag","embeddable":true,"href":"https:\/\/www.europesays.com\/pt\/wp-json\/wp\/v2\/tags?post=132043"}],"curies":[{"name":"wp","href":"https:\/\/api.w.org\/{rel}","templated":true}]}}