{"id":132049,"date":"2025-10-30T02:36:43","date_gmt":"2025-10-30T02:36:43","guid":{"rendered":"https:\/\/www.europesays.com\/pt\/132049\/"},"modified":"2025-10-30T02:36:43","modified_gmt":"2025-10-30T02:36:43","slug":"maior-ponte-de-vidro-do-mundo-que-flutua-equivale-a-predio-de-42-andares-e-esta-no-guinness","status":"publish","type":"post","link":"https:\/\/www.europesays.com\/pt\/132049\/","title":{"rendered":"Maior ponte de vidro do mundo que &#8216;flutua&#8217; equivale a pr\u00e9dio de 42 andares e est\u00e1 no Guinness"},"content":{"rendered":"<p>  <img class=\"content-first-image wp-image-2697866 size-full\" loading=\"eager\" decoding=\"sync\" fetchpriority=\"high\" src=\"https:\/\/www.europesays.com\/pt\/wp-content\/uploads\/2025\/10\/maior-ponte-de-vidro-do-mundo-parece-flutuar-equivale-a-predio-de-42-andares-e-esta-no-guiness-3.jpg\" alt=\"Turistas caminham sobre a maior ponte de vidro do mundo, suspensa entre montanhas cobertas por vegeta\u00e7\u00e3o densa, com vista panor\u00e2mica para um vale profundo.\" width=\"1200\" height=\"650\"  \/>Qual o limite da engenharia? A maior ponte de vidro do mundo responde a quest\u00e3oFoto: AFP\/Reprodu\u00e7\u00e3o\/ND Mais<\/p>\n<p>Uma constru\u00e7\u00e3o recordista no Vietn\u00e3 est\u00e1 chamando a aten\u00e7\u00e3o global por sua aud\u00e1cia arquitet\u00f4nica. A ponte Bach Long, ou \u201cdrag\u00e3o branco\u201d, \u00e9 a <strong>maior ponte de vidro do mundo<\/strong> e oferece uma experi\u00eancia de caminhar no vazio a 150 metros de altura.<\/p>\n<p>Com impressionantes 632 metros de extens\u00e3o, o <a href=\"https:\/\/ndmais.com.br\/infraestrutura\/tunel-sob-o-mar-passo-a-passo-instalacao-modulos-lego\/\" rel=\"nofollow noopener\" target=\"_blank\">feito de engenharia<\/a> foi parar no Guiness e equivale a um edif\u00edcio de 42 andares, sendo um convite ao turismo radical na prov\u00edncia de Son La.<\/p>\n<p>Bach Long \u00e9 a maior ponte de vidro do mundo<\/p>\n<p>Localizada na prov\u00edncia de Son La, no noroeste do Vietn\u00e3, a estrutura contorna o lado da montanha e termina em uma ponte suspensa sobre um vale espetacular. Com 632 metros, a ponte Bach Long <strong>superou o antigo recorde<\/strong>, que pertencia a uma estrutura na China de 526 metros.<\/p>\n<p><a class=\"cta-discover d-flex justify-content-between align-items-center w-100\" target=\"_blank\" rel=\"nofollow noopner noopener\" href=\"https:\/\/profile.google.com\/cp\/Cg0vZy8xMXZ5cjY4NHho\">   Fa\u00e7a como milh\u00f5es de leitores informados: siga o ND Mais no Google.  Seguir<\/a> <img class=\"size-full wp-image-2697868\" loading=\"lazy\" decoding=\"async\" src=\"https:\/\/www.europesays.com\/pt\/wp-content\/uploads\/2025\/10\/maior-ponte-de-vidro-do-mundo-parece-flutuar-equivale-a-predio-de-42-andares-e-esta-no-guiness-2.jpg\" alt=\"Segundo turistas, a sensa\u00e7\u00e3o \u00e9 como caminhar em um profundo vazioFoto: AFP\/Reprodu\u00e7\u00e3o\/ND Mais\" width=\"1200\" height=\"650\"  \/>Segundo turistas, a sensa\u00e7\u00e3o \u00e9 como caminhar em um profundo vazioFoto: AFP\/Reprodu\u00e7\u00e3o\/ND Mais<\/p>\n<p>A atra\u00e7\u00e3o garante a <strong>sensa\u00e7\u00e3o de se caminhar no vazio<\/strong> a cerca de 150 metros acima de uma densa floresta, fazendo com que o visitante se sinta em uma altura equivalente a um pr\u00e9dio de 42 andares.<\/p>\n<p>Vidro franc\u00eas garante seguran\u00e7a e recorde<\/p>\n<p>A base da maior ponte de vidro do mundo \u00e9 <a href=\"https:\/\/ndmais.com.br\/arquitetura-e-decoracao\/trocar-o-box-de-vidro-temperado-pelo-de-acrilico\/\" rel=\"nofollow noopener\" target=\"_blank\">composta por vidro temperado<\/a> de fabrica\u00e7\u00e3o francesa, material que permite o recorde de seguran\u00e7a e altura. A estrutura tem capacidade m\u00e1xima para suportar at\u00e9 450 pessoas simultaneamente, garantindo a tranquilidade dos turistas.<\/p>\n<p><img class=\"wp-image-2697869 size-full\" loading=\"lazy\" decoding=\"async\" src=\"https:\/\/www.europesays.com\/pt\/wp-content\/uploads\/2025\/10\/maior-ponte-de-vidro-do-mundo-parece-flutuar-equivale-a-predio-de-42-andares-e-esta-no-guiness.jpg\" alt=\"Vista a\u00e9rea da maior ponte de vidro do mundo, ligando dois grandes penhascos cobertos por floresta, com um rio serpenteando no fundo do vale.\" width=\"1200\" height=\"650\"  \/>S\u00e3o 632 metros de vidro temperado e muita coragem Foto: AFP\/Reprodu\u00e7\u00e3o\/ND Mais<\/p>\n<p>Sobre a sensa\u00e7\u00e3o de estar l\u00e1, o visitante Nguyen Thi Trang declarou \u00e0 AFP: \u201cOlhar para baixo \u00e9 um pouco assustador de primeira, mas tem que avan\u00e7ar com confian\u00e7a, e a\u00ed \u00e9 genial\u201d.<\/p>\n","protected":false},"excerpt":{"rendered":"Qual o limite da engenharia? A maior ponte de vidro do mundo responde a quest\u00e3oFoto: AFP\/Reprodu\u00e7\u00e3o\/ND Mais Uma&hellip;\n","protected":false},"author":2,"featured_media":132050,"comment_status":"","ping_status":"","sticky":false,"template":"","format":"standard","meta":{"footnotes":""},"categories":[144],"tags":[2584,207,205,206,203,201,202,726,1967,204,114,115,5579,1968,32,33,29944],"class_list":{"0":"post-132049","1":"post","2":"type-post","3":"status-publish","4":"format-standard","5":"has-post-thumbnail","7":"category-arte-e-design","8":"tag-arquitetura-e-decorao","9":"tag-arte","10":"tag-arte-e-design","11":"tag-artedesign","12":"tag-arts","13":"tag-arts-and-design","14":"tag-artsanddesign","15":"tag-brasil","16":"tag-contedo-de-internet","17":"tag-design","18":"tag-entertainment","19":"tag-entretenimento","20":"tag-infraestrutura","21":"tag-notcia","22":"tag-portugal","23":"tag-pt","24":"tag-vietn"},"share_on_mastodon":{"url":"https:\/\/pubeurope.com\/@pt\/115460792921226971","error":""},"_links":{"self":[{"href":"https:\/\/www.europesays.com\/pt\/wp-json\/wp\/v2\/posts\/132049","targetHints":{"allow":["GET"]}}],"collection":[{"href":"https:\/\/www.europesays.com\/pt\/wp-json\/wp\/v2\/posts"}],"about":[{"href":"https:\/\/www.europesays.com\/pt\/wp-json\/wp\/v2\/types\/post"}],"author":[{"embeddable":true,"href":"https:\/\/www.europesays.com\/pt\/wp-json\/wp\/v2\/users\/2"}],"replies":[{"embeddable":true,"href":"https:\/\/www.europesays.com\/pt\/wp-json\/wp\/v2\/comments?post=132049"}],"version-history":[{"count":0,"href":"https:\/\/www.europesays.com\/pt\/wp-json\/wp\/v2\/posts\/132049\/revisions"}],"wp:featuredmedia":[{"embeddable":true,"href":"https:\/\/www.europesays.com\/pt\/wp-json\/wp\/v2\/media\/132050"}],"wp:attachment":[{"href":"https:\/\/www.europesays.com\/pt\/wp-json\/wp\/v2\/media?parent=132049"}],"wp:term":[{"taxonomy":"category","embeddable":true,"href":"https:\/\/www.europesays.com\/pt\/wp-json\/wp\/v2\/categories?post=132049"},{"taxonomy":"post_tag","embeddable":true,"href":"https:\/\/www.europesays.com\/pt\/wp-json\/wp\/v2\/tags?post=132049"}],"curies":[{"name":"wp","href":"https:\/\/api.w.org\/{rel}","templated":true}]}}