{"id":132051,"date":"2025-10-30T02:38:18","date_gmt":"2025-10-30T02:38:18","guid":{"rendered":"https:\/\/www.europesays.com\/pt\/132051\/"},"modified":"2025-10-30T02:38:18","modified_gmt":"2025-10-30T02:38:18","slug":"segredo-a-vista-nova-pista-no-plasma-dispara-teorias-entre-concorrentes","status":"publish","type":"post","link":"https:\/\/www.europesays.com\/pt\/132051\/","title":{"rendered":"Segredo \u00e0 vista? Nova pista no plasma dispara teorias entre concorrentes"},"content":{"rendered":"<p>No Secret Story 9, uma nova pista no plasma deixou os concorrentes a especular: \u201cDei \u00e0 ci\u00eancia o que o destino ainda n\u00e3o escreveu, em troca de um nome que n\u00e3o \u00e9 meu.\u201d Liliana e Mariana acreditam que a frase se refere a uma mudan\u00e7a de sexo e suspeitam da Bruna, enquanto Pedro acha que pode estar ligada a uma doen\u00e7a. Alguns concorrentes tamb\u00e9m olham para Ana, questionando a sua forma de andar e a dificuldade em perceber instru\u00e7\u00f5es. Mais tarde, no quarto rosa, Marisa admite a Marisa Susana e Pedro que associa a pista mais \u00e0 Mariana do que \u00e0 Bruna.<\/p>\n","protected":false},"excerpt":{"rendered":"No Secret Story 9, uma nova pista no plasma deixou os concorrentes a especular: \u201cDei \u00e0 ci\u00eancia o&hellip;\n","protected":false},"author":2,"featured_media":132052,"comment_status":"","ping_status":"","sticky":false,"template":"","format":"standard","meta":{"footnotes":""},"categories":[142],"tags":[114,115,32,33,8174,29945,151],"class_list":{"0":"post-132051","1":"post","2":"type-post","3":"status-publish","4":"format-standard","5":"has-post-thumbnail","7":"category-tv","8":"tag-entertainment","9":"tag-entretenimento","10":"tag-portugal","11":"tag-pt","12":"tag-segredos","13":"tag-teorias","14":"tag-tv"},"share_on_mastodon":{"url":"https:\/\/pubeurope.com\/@pt\/115460800783871256","error":""},"_links":{"self":[{"href":"https:\/\/www.europesays.com\/pt\/wp-json\/wp\/v2\/posts\/132051","targetHints":{"allow":["GET"]}}],"collection":[{"href":"https:\/\/www.europesays.com\/pt\/wp-json\/wp\/v2\/posts"}],"about":[{"href":"https:\/\/www.europesays.com\/pt\/wp-json\/wp\/v2\/types\/post"}],"author":[{"embeddable":true,"href":"https:\/\/www.europesays.com\/pt\/wp-json\/wp\/v2\/users\/2"}],"replies":[{"embeddable":true,"href":"https:\/\/www.europesays.com\/pt\/wp-json\/wp\/v2\/comments?post=132051"}],"version-history":[{"count":0,"href":"https:\/\/www.europesays.com\/pt\/wp-json\/wp\/v2\/posts\/132051\/revisions"}],"wp:featuredmedia":[{"embeddable":true,"href":"https:\/\/www.europesays.com\/pt\/wp-json\/wp\/v2\/media\/132052"}],"wp:attachment":[{"href":"https:\/\/www.europesays.com\/pt\/wp-json\/wp\/v2\/media?parent=132051"}],"wp:term":[{"taxonomy":"category","embeddable":true,"href":"https:\/\/www.europesays.com\/pt\/wp-json\/wp\/v2\/categories?post=132051"},{"taxonomy":"post_tag","embeddable":true,"href":"https:\/\/www.europesays.com\/pt\/wp-json\/wp\/v2\/tags?post=132051"}],"curies":[{"name":"wp","href":"https:\/\/api.w.org\/{rel}","templated":true}]}}