{"id":132055,"date":"2025-10-30T02:41:16","date_gmt":"2025-10-30T02:41:16","guid":{"rendered":"https:\/\/www.europesays.com\/pt\/132055\/"},"modified":"2025-10-30T02:41:16","modified_gmt":"2025-10-30T02:41:16","slug":"salvador-blopa-quebra-recorde-de-peyroteo-com-mais-de-80-anos","status":"publish","type":"post","link":"https:\/\/www.europesays.com\/pt\/132055\/","title":{"rendered":"Salvador Blopa quebra recorde de Peyroteo com mais de 80 anos"},"content":{"rendered":"<p data-remotead-prev-elm=\"true\" data-remotead-elm-id=\"inread\">Com 18 anos e quatro meses, Salvador Blopa tornou-se no mais jovem jogador de sempre a bisar na estreia pelo Sporting, depois de marcar o segundo e o quarto golos da goleada ao Alverca (5-1), na ter\u00e7a-feira, que valeu o apuramento para a final-four da Ta\u00e7a da Liga.<\/p>\n<blockquote data-type=\"articles\" data-id=\"related-article-18013731\"><p>\n              <strong>Leia tamb\u00e9m <\/strong><br \/>\n              <a href=\"https:\/\/www.jn.pt\/desporto\/artigo\/sporting-ruma-a-final-four-na-noite-magica-de-blopa\/18013731\" rel=\"nofollow noopener\" target=\"_blank\">Sporting ruma \u00e0 final four na noite m\u00e1gica de Blopa<\/a>\n            <\/p><\/blockquote>\n<p>Para al\u00e9m disso, o defesa, que esta \u00e9poca j\u00e1 representou a equipa B e a equipa de sub-19 dos le\u00f5es, bateu um recorde que pertencia ao m\u00edtico Peyroteo desde a \u00e9poca 1938\/39. A\u00ed, tamb\u00e9m o hist\u00f3rico avan\u00e7ado do Sporting bisou na estreia pela equipa principal, ficando desde ent\u00e3o como o mais jovem de sempre a marcar dois golos na primeira apari\u00e7\u00e3o, com 19 anos e sete meses. Ora, Salvador Blopa fez melhor, passando a figurar no topo da lista dos jogadores que bisaram na estreia pela equipa principal.<\/p>\n<p data-remotead-prev-elm=\"true\" data-remotead-elm-id=\"centro1\">No Sporting desde os 10 anos, Blopa, que iniciou a carreira no Fonta\u00ednhas, passou por todos os escal\u00f5es de forma\u00e7\u00e3o antes de concretizar o sonho de jogar pela equipa principal.<\/p>\n<p>&#8220;Sempre acreditei nos meus sonhos, mas n\u00e3o estava \u00e0 espera que este dia chegasse t\u00e3o cedo. Estou muito contente pelos dois golos, mas ainda mais pelas oportunidades que os misteres me t\u00eam dado, pois t\u00eam sempre acreditado em mim&#8221;, salientou a nova estrela de Alvalade, ap\u00f3s o duelo com o Alverca.<\/p>\n<p>Recorde-se que para al\u00e9m de Salvador Blopa, Rui Borges promoveu mais quatro estreias na equipa principal dos le\u00f5es frente ao Alverca: Fl\u00e1vio Gon\u00e7alves, Jo\u00e3o Muniz, Chris Grombahi e Rayan Lucas.<\/p>\n","protected":false},"excerpt":{"rendered":"Com 18 anos e quatro meses, Salvador Blopa tornou-se no mais jovem jogador de sempre a bisar na&hellip;\n","protected":false},"author":2,"featured_media":132056,"comment_status":"","ping_status":"","sticky":false,"template":"","format":"standard","meta":{"footnotes":""},"categories":[87],"tags":[135,524,32,33,34,134,5344],"class_list":{"0":"post-132055","1":"post","2":"type-post","3":"status-publish","4":"format-standard","5":"has-post-thumbnail","7":"category-desporto","8":"tag-desporto","9":"tag-futebol","10":"tag-portugal","11":"tag-pt","12":"tag-sporting","13":"tag-sports","14":"tag-taca-da-liga"},"share_on_mastodon":{"url":"https:\/\/pubeurope.com\/@pt\/115460812476317091","error":""},"_links":{"self":[{"href":"https:\/\/www.europesays.com\/pt\/wp-json\/wp\/v2\/posts\/132055","targetHints":{"allow":["GET"]}}],"collection":[{"href":"https:\/\/www.europesays.com\/pt\/wp-json\/wp\/v2\/posts"}],"about":[{"href":"https:\/\/www.europesays.com\/pt\/wp-json\/wp\/v2\/types\/post"}],"author":[{"embeddable":true,"href":"https:\/\/www.europesays.com\/pt\/wp-json\/wp\/v2\/users\/2"}],"replies":[{"embeddable":true,"href":"https:\/\/www.europesays.com\/pt\/wp-json\/wp\/v2\/comments?post=132055"}],"version-history":[{"count":0,"href":"https:\/\/www.europesays.com\/pt\/wp-json\/wp\/v2\/posts\/132055\/revisions"}],"wp:featuredmedia":[{"embeddable":true,"href":"https:\/\/www.europesays.com\/pt\/wp-json\/wp\/v2\/media\/132056"}],"wp:attachment":[{"href":"https:\/\/www.europesays.com\/pt\/wp-json\/wp\/v2\/media?parent=132055"}],"wp:term":[{"taxonomy":"category","embeddable":true,"href":"https:\/\/www.europesays.com\/pt\/wp-json\/wp\/v2\/categories?post=132055"},{"taxonomy":"post_tag","embeddable":true,"href":"https:\/\/www.europesays.com\/pt\/wp-json\/wp\/v2\/tags?post=132055"}],"curies":[{"name":"wp","href":"https:\/\/api.w.org\/{rel}","templated":true}]}}