{"id":132059,"date":"2025-10-30T02:44:34","date_gmt":"2025-10-30T02:44:34","guid":{"rendered":"https:\/\/www.europesays.com\/pt\/132059\/"},"modified":"2025-10-30T02:44:34","modified_gmt":"2025-10-30T02:44:34","slug":"video-filha-do-ex-benfica-julio-cesar-brilha-no-the-voice-brasil","status":"publish","type":"post","link":"https:\/\/www.europesays.com\/pt\/132059\/","title":{"rendered":"V\u00cdDEO: filha do ex-Benfica J\u00falio C\u00e9sar brilha no \u00abThe Voice Brasil\u00bb"},"content":{"rendered":"<p>O antigo guarda-redes do Benfica, J\u00falio C\u00e9sar, viveu na segunda-feira um momento feliz gra\u00e7as \u00e0 filha Giulia Werner, que passou no \u00faltimo dia de provas cegas do \u00abThe Voice Brasil\u00bb.<\/p>\n<p>Giulia Werner cantou a m\u00fasica \u00abTurning Tables\u00bb, de Adele, tendo a sua presta\u00e7\u00e3o feito com que fossem viradas as quatro cadeiras: de Mumuzinho, Duda Beat, P\u00e9rciles e Matheus &amp; Kauan, tendo optado por ficar na equipa de Mumuzinho.<\/p>\n<p>Depois da transmiss\u00e3o do programa, que \u00e9 gravado, J\u00falio C\u00e9sar mostrou publicamente a sua felicidade, deixando uma mensagem na rede social Instagram. \u00abOrgulho m\u00e1ximo, minha filha, Giulia Werner. Foi lindo\u00bb, apontou.<\/p>\n<p>A m\u00e3e, a atriz e apresentadora Susana Werner, que acompanhou a filha na grava\u00e7\u00e3o, tamb\u00e9m celebrou a conquista. \u00abFoi a primeira vez num palco e foi incr\u00edvel. Parab\u00e9ns, meu amor, Giulia Werner. Arrasou\u00bb, escreveu, atrav\u00e9s do Instagram.<\/p>\n","protected":false},"excerpt":{"rendered":"O antigo guarda-redes do Benfica, J\u00falio C\u00e9sar, viveu na segunda-feira um momento feliz gra\u00e7as \u00e0 filha Giulia Werner,&hellip;\n","protected":false},"author":2,"featured_media":132060,"comment_status":"","ping_status":"","sticky":false,"template":"","format":"standard","meta":{"footnotes":""},"categories":[85],"tags":[51,114,115,29946,29947,46,7660,150,32,33,47,2570],"class_list":{"0":"post-132059","1":"post","2":"type-post","3":"status-publish","4":"format-standard","5":"has-post-thumbnail","7":"category-entretenimento","8":"tag-benfica","9":"tag-entertainment","10":"tag-entretenimento","11":"tag-giulia-werner","12":"tag-julio-cesar","13":"tag-maisfutebol","14":"tag-mf-social","15":"tag-musica","16":"tag-portugal","17":"tag-pt","18":"tag-pura-paixao","19":"tag-the-voice-brasil"},"share_on_mastodon":{"url":"https:\/\/pubeurope.com\/@pt\/115460824327271490","error":""},"_links":{"self":[{"href":"https:\/\/www.europesays.com\/pt\/wp-json\/wp\/v2\/posts\/132059","targetHints":{"allow":["GET"]}}],"collection":[{"href":"https:\/\/www.europesays.com\/pt\/wp-json\/wp\/v2\/posts"}],"about":[{"href":"https:\/\/www.europesays.com\/pt\/wp-json\/wp\/v2\/types\/post"}],"author":[{"embeddable":true,"href":"https:\/\/www.europesays.com\/pt\/wp-json\/wp\/v2\/users\/2"}],"replies":[{"embeddable":true,"href":"https:\/\/www.europesays.com\/pt\/wp-json\/wp\/v2\/comments?post=132059"}],"version-history":[{"count":0,"href":"https:\/\/www.europesays.com\/pt\/wp-json\/wp\/v2\/posts\/132059\/revisions"}],"wp:featuredmedia":[{"embeddable":true,"href":"https:\/\/www.europesays.com\/pt\/wp-json\/wp\/v2\/media\/132060"}],"wp:attachment":[{"href":"https:\/\/www.europesays.com\/pt\/wp-json\/wp\/v2\/media?parent=132059"}],"wp:term":[{"taxonomy":"category","embeddable":true,"href":"https:\/\/www.europesays.com\/pt\/wp-json\/wp\/v2\/categories?post=132059"},{"taxonomy":"post_tag","embeddable":true,"href":"https:\/\/www.europesays.com\/pt\/wp-json\/wp\/v2\/tags?post=132059"}],"curies":[{"name":"wp","href":"https:\/\/api.w.org\/{rel}","templated":true}]}}