{"id":132075,"date":"2025-10-30T03:02:13","date_gmt":"2025-10-30T03:02:13","guid":{"rendered":"https:\/\/www.europesays.com\/pt\/132075\/"},"modified":"2025-10-30T03:02:13","modified_gmt":"2025-10-30T03:02:13","slug":"se-putin-atacar-bruxelas-moscovo-sera-dizimada-do-mapa-observador","status":"publish","type":"post","link":"https:\/\/www.europesays.com\/pt\/132075\/","title":{"rendered":"&#8220;Se Putin atacar Bruxelas, Moscovo ser\u00e1 dizimada do mapa&#8221; \u2013 Observador"},"content":{"rendered":"<p>O ministro da Defesa da B\u00e9lgica, Theo Francken, deixou, esta quarta-feira, um aviso ao Presidente russo. Se Vladimir Putin ousar atacar Bruxelas com um m\u00edssil \u2014 o \u201ccora\u00e7\u00e3o da NATO\u201d \u2014, a cidade de Moscovo \u201cser\u00e1 dizimada\u201d.<\/p>\n<p><a href=\"https:\/\/www.demorgen.be\/nieuws\/legerminister-theo-francken-n-va-poetin-weet-als-ik-nucleaire-wapens-inzet-vegen-ze-moskou-van-de-kaart~b6f7568f\/?referrer=https%3A%2F%2Fwww.pravda.com.ua%2F\" rel=\"nofollow noopener\" target=\"_blank\">Numa entrevista ao jornal DeMorgen<\/a>, o governante garantiu tamb\u00e9m que os Estados Unidos da Am\u00e9rica (EUA) se mant\u00eam comprometidos com o artigo 5.\u00ba, que define que um ataque a um Estado-membro \u00e9 um ataque a todos. \u201cO preconceito contra o governo norte-americano \u00e9 t\u00e3o grande na Europa. \u00c9 inacredit\u00e1vel.\u201d<\/p>\n<p>Theo Francken desvalorizou tamb\u00e9m as recentes demonstra\u00e7\u00f5es de armas nucleares russas. O ministro da Defesa recordou que, quando a Finl\u00e2ndia e a Su\u00e9cia aderiram \u00e0 NATO ou quando foram fornecidos ca\u00e7as F-16 \u00e0 Ucr\u00e2nia, Vladimir Putin repetiu as mesmas amea\u00e7as. O ministro lamentou que o Ocidente tenha tido \u201cmedo das rea\u00e7\u00f5es de Putin\u201d.\u00a0\u201cIsso s\u00f3 prolongou a guerra\u201d, considera.<\/p>\n<p>Para o governante belga, Vladimir Putin sabe que, se eventualmente usar armas nucleares contra a Alian\u00e7a Atl\u00e2ntica, Moscovo ser\u00e1 \u201capagado do mapa\u201d por uma rea\u00e7\u00e3o unida da NATO.<\/p>\n<p>Em rela\u00e7\u00e3o \u00e0 guerra na Ucr\u00e2nia, o ministro da Defesa da B\u00e9lgica ainda n\u00e3o v\u00ea um \u201ccaminho realista para a paz\u201d: \u201c<strong>Putin n\u00e3o quer negociar: ele quer explorar ao m\u00e1ximo a fraqueza da Europa.<\/strong> Quanto mais r\u00e1pido nos rearmarmos, menores ser\u00e3o as chances de que ele conquiste a Ucr\u00e2nia\u201d. O governante considera que o Ocidente deve tentar \u201cquebrar a R\u00fassia economicamente\u201d ao aplicar san\u00e7\u00f5es e \u201ccortar as receitas de petr\u00f3leo e g\u00e1s, que s\u00e3o o motor da sua economia de guerra\u201d.<\/p>\n<p>Theo Francken alertou tamb\u00e9m que o Ocidente \u201cdeve temer os russos\u201d. A R\u00fassia \u201ccontinua a ser uma pot\u00eancia geopol\u00edtica com um ex\u00e9rcito forte e um tremendo esp\u00edrito de luta\u201d: \u201cVenceram na Chech\u00e9nia, dominaram na guerra da S\u00edria por dez anos e est\u00e3o ativos em muitas frentes em \u00c1frica\u201d.<\/p>\n<p>Em rea\u00e7\u00e3o a estas declara\u00e7\u00f5es, a embaixada russa na B\u00e9lgica deixou, <a href=\"https:\/\/www.facebook.com\/amrusbel\/posts\/pfbid02LrHy5gKNW889nSLrMJX9gB6VYgC9PcRFr2hWaHvut4xFUWBqiXH2RBBKztEu3nDXl?locale=pt_PT\" rel=\"nofollow noopener\" target=\"_blank\">nas redes sociais<\/a>, duras cr\u00edticas \u00e0s<strong> \u201cdeclara\u00e7\u00f5es provocadoras e irrespons\u00e1veis<\/strong>\u201d do ministro belga. \u201cA loucura est\u00e1 a atingir novos patamares\u201d, acusou a diplomacia de Moscovo, questionando: \u201cComo \u00e9 que algu\u00e9m pode possivelmente compreender a disson\u00e2ncia cognitiva que atingiu o senhor Francken?\u201d<\/p>\n<p><strong>[Chegou\u00a0<\/strong><b>o hist\u00f3rico debate entre Soares e Freitas. E o socialista j\u00e1 conseguiu o voto dos\u00a0<\/b><b>comunistas sem \u201colhar para\u00a0o retrato\u201d dele<\/b>.\u00a0<strong>A\u00a0<a href=\"https:\/\/observador.pt\/programas\/a-eleio-mais-louca-de-sempre\/episodio-5-uma-armadilha-em-direto\/\" rel=\"nofollow noopener\" target=\"_blank\">\u201cElei\u00e7\u00e3o Mais Louca de Sempre\u201d<\/a>\u00a0\u00e9 o novo Podcast Plus do Observador sobre as Presidenciais de 1986. Uma s\u00e9rie narrada pelo ator Gon\u00e7alo Waddington, com banda sonora original de Samuel \u00daria. Pode ouvir\u00a0<a href=\"https:\/\/observador.pt\/programas\/a-eleio-mais-louca-de-sempre\/episodio-5-uma-armadilha-em-direto\/\" rel=\"nofollow noopener\" target=\"_blank\">aqui<\/a>, no\u00a0Observador, e tamb\u00e9m na\u00a0<a href=\"https:\/\/podcasts.apple.com\/pt\/podcast\/epis%C3%B3dio-5-uma-armadilha-em-direto\/id1841273464?i=1000733759807\" rel=\"nofollow noopener\" target=\"_blank\">Apple Podcasts<\/a>, no\u00a0<a href=\"https:\/\/open.spotify.com\/episode\/28mDVafMTtrt5QAwWYdye2?si=c6e9dabb29734f15\" rel=\"nofollow noopener\" target=\"_blank\">Spotify<\/a>\u00a0e no\u00a0<a href=\"https:\/\/music.youtube.com\/watch?v=78x1Dlhn7v4&amp;si=O1yv2xMDjId6CreQ\" rel=\"nofollow noopener\" target=\"_blank\">Youtube Music<\/a>. E pode ouvir o primeiro epis\u00f3dio\u00a0<a href=\"https:\/\/observador.pt\/programas\/a-eleio-mais-louca-de-sempre\/estreia-a-eleicao-mais-louca-de-sempre-episodio-1-apostamos-no-cavalo-errado\/\" target=\"_blank\" rel=\"noopener nofollow\">aqui<\/a>,\u00a0o segundo\u00a0<a href=\"https:\/\/observador.pt\/programas\/a-eleio-mais-louca-de-sempre\/episodio-2-uma-traicao-inesperada\/\" target=\"_blank\" rel=\"noopener nofollow\">aqui<\/a>,\u00a0o terceiro\u00a0<a href=\"https:\/\/observador.pt\/programas\/a-eleio-mais-louca-de-sempre\/episodio-3-ele-nao-e-meu-irmao\/\" rel=\"nofollow noopener\" target=\"_blank\">aqui<\/a>\u00a0e o\u00a0<a href=\"https:\/\/observador.pt\/programas\/a-eleio-mais-louca-de-sempre\/episodio-4-portugal-nao-e-moscovo\/\" rel=\"nofollow noopener\" target=\"_blank\">quarto<\/a>\u00a0aqui]<\/strong><\/p>\n<p><a href=\"https:\/\/observador.pt\/programas\/a-eleio-mais-louca-de-sempre\/episodio-5-uma-armadilha-em-direto\/\" target=\"_blank\" rel=\"noopener nofollow\"><\/p>\n<p>        <img src=\"https:\/\/bordalo.observador.pt\/v2\/q:60\/rs:fill:560\/plain\/https:\/\/s3.observador.pt\/wp-content\/uploads\/2025\/10\/14085651\/770-a-eleicao-mais-louca-de-sempre-playicon.png\" alt=\"\" loading=\"lazy\" decoding=\"async\" class=\"gmail-CToWUd alignnone\" onload=\"this.parentElement.classList.remove('spinner')\" onerror=\"this.parentElement.classList.remove('spinner')\" width=\"770\" height=\"433\"\/>    <\/p>\n<p><\/a><\/p>\n","protected":false},"excerpt":{"rendered":"O ministro da Defesa da B\u00e9lgica, Theo Francken, deixou, esta quarta-feira, um aviso ao Presidente russo. Se Vladimir&hellip;\n","protected":false},"author":2,"featured_media":132076,"comment_status":"","ping_status":"","sticky":false,"template":"","format":"standard","meta":{"footnotes":""},"categories":[50],"tags":[27,28,29948,445,15,16,1123,14,25,26,21,22,62,12,13,19,20,23,24,3879,17,18,1124,29,30,31,63,64,65],"class_list":{"0":"post-132075","1":"post","2":"type-post","3":"status-publish","4":"format-standard","5":"has-post-thumbnail","7":"category-mundo","8":"tag-breaking-news","9":"tag-breakingnews","10":"tag-bu00e9lgica","11":"tag-europa","12":"tag-featured-news","13":"tag-featurednews","14":"tag-guerra-na-ucru00e2nia","15":"tag-headlines","16":"tag-latest-news","17":"tag-latestnews","18":"tag-main-news","19":"tag-mainnews","20":"tag-mundo","21":"tag-news","22":"tag-noticias","23":"tag-noticias-principais","24":"tag-noticiasprincipais","25":"tag-principais-noticias","26":"tag-principaisnoticias","27":"tag-ru00fassia","28":"tag-top-stories","29":"tag-topstories","30":"tag-ucru00e2nia","31":"tag-ultimas","32":"tag-ultimas-noticias","33":"tag-ultimasnoticias","34":"tag-world","35":"tag-world-news","36":"tag-worldnews"},"share_on_mastodon":{"url":"https:\/\/pubeurope.com\/@pt\/115460895235668803","error":""},"_links":{"self":[{"href":"https:\/\/www.europesays.com\/pt\/wp-json\/wp\/v2\/posts\/132075","targetHints":{"allow":["GET"]}}],"collection":[{"href":"https:\/\/www.europesays.com\/pt\/wp-json\/wp\/v2\/posts"}],"about":[{"href":"https:\/\/www.europesays.com\/pt\/wp-json\/wp\/v2\/types\/post"}],"author":[{"embeddable":true,"href":"https:\/\/www.europesays.com\/pt\/wp-json\/wp\/v2\/users\/2"}],"replies":[{"embeddable":true,"href":"https:\/\/www.europesays.com\/pt\/wp-json\/wp\/v2\/comments?post=132075"}],"version-history":[{"count":0,"href":"https:\/\/www.europesays.com\/pt\/wp-json\/wp\/v2\/posts\/132075\/revisions"}],"wp:featuredmedia":[{"embeddable":true,"href":"https:\/\/www.europesays.com\/pt\/wp-json\/wp\/v2\/media\/132076"}],"wp:attachment":[{"href":"https:\/\/www.europesays.com\/pt\/wp-json\/wp\/v2\/media?parent=132075"}],"wp:term":[{"taxonomy":"category","embeddable":true,"href":"https:\/\/www.europesays.com\/pt\/wp-json\/wp\/v2\/categories?post=132075"},{"taxonomy":"post_tag","embeddable":true,"href":"https:\/\/www.europesays.com\/pt\/wp-json\/wp\/v2\/tags?post=132075"}],"curies":[{"name":"wp","href":"https:\/\/api.w.org\/{rel}","templated":true}]}}